{"id":4897,"date":"2018-06-10T15:49:24","date_gmt":"2018-06-10T13:49:24","guid":{"rendered":"https:\/\/centers.ulbsibiu.ro\/ccsprise\/lact\/?p=4897"},"modified":"2018-06-10T15:50:00","modified_gmt":"2018-06-10T13:50:00","slug":"infitag-md-liderul-de-la-tiraspol-transnistria-trebuie-sa-treaca-de-la-programul-de-supravietuire-la-cel-de-dezvoltare","status":"publish","type":"post","link":"https:\/\/centers.ulbsibiu.ro\/ccsprise\/lact\/infitag-md-liderul-de-la-tiraspol-transnistria-trebuie-sa-treaca-de-la-programul-de-supravietuire-la-cel-de-dezvoltare\/","title":{"rendered":"Infotag.md &#8211; LIDERUL DE LA TIRASPOL: TRANSNISTRIA TREBUIE S\u0102 TREAC\u0102 DE LA PROGRAMUL DE SUPRAVIE\u0162UIRE LA CEL DE DEZVOLTARE"},"content":{"rendered":"<p>Pre\u015fedintele autoproclamatei RMN, Vadim Krasnoselski, consider\u0103 c\u0103 Transnistria \u201etrebuie s\u0103 treac\u0103 de la programul de supravie\u0163uire \u015fi reanimare la cel de dezvoltare\u201d.<\/p>\n<p>Potrivit agen\u0163iei INFOTAG cu referire la site-ul liderului de la Tiraspol, despre aceasta el a declarat joi, \u00een cadrul \u015fedin\u0163ei extinse a Guvernului, la care a dispus elaborarea \u201eunui program de stat de dezvoltare a RMN pe urm\u0103torii opt ani, \u00een 2019-2026\u201d.<\/p>\n<p>El a men\u021bionat c\u0103, \u201edup\u0103 un an \u015fi jum\u0103tate de supravie\u0163uire, de reanimare a situa\u0163iei, ast\u0103zi putem vorbi de tendin\u0163e de cre\u015ftere a indicatorilor economici, de cre\u015fterea produc\u0163iei industriale, de stabilizare fiscal\u0103, de \u00eembun\u0103t\u0103\u0163ire a climatului investi\u0163ional, ceea ce \u00eenseamn\u0103 perspective de dezvoltare, care trebuie reflectate \u00eentr-un program\u201d.<\/p>\n<p>Krasnoselski a cerut tuturor organelor de conducere \u0219i societ\u0103\u0163ii \u201es\u0103 se implice activ \u00een preg\u0103tirea programului, s\u0103 prezinte \u00een decurs de 10 zile lucr\u0103toare propuneri care vor fi apoi analizate, evaluate \u0219i, dac\u0103 vor fi sus\u021binute, vor fi incluse \u00een proiectul programului de stat\u201d.<\/p>\n<p>\u201eCele trei elemente importante ale urm\u0103torului program de opt ani trebuie s\u0103 fie stabilitatea politic\u0103, autonomia economic\u0103 \u0219i justi\u021bia social\u0103. \u00cembinarea acestor direc\u021bii conceptuale creeaz\u0103 o platform\u0103 unific\u0103 pentru dezvoltarea strategic\u0103 a RMN. Vorbim despre stabilitate intern\u0103 \u0219i extern\u0103. Vom putea face fa\u0163\u0103 provoc\u0103rilor \u0219i amenin\u021b\u0103rilor din exterior numai prin consolidarea for\u021belor din interior\u201d, a spus el.<\/p>\n<p>Prin autonomia economic\u0103 liderul transnistrean presupune \u201emiza pe propriile for\u0163e \u015fi mijloace, autosuficien\u021ba, buget nedeficitar\u201d. \u00cen ceea ce prive\u0219te justi\u021bia social\u0103, el a spus c\u0103 \u201e\u00eendeplinirea obliga\u021biilor sociale este una dintre priorit\u0103\u021bile statului\u201d.<\/p>\n<p>Proiectul programului ar trebui s\u0103 fie gata p\u00e2n\u0103 la 2 septembrie. P\u00e2n\u0103 \u00een decembrie urmeaz\u0103 a fi elaborat \u201emecanismul de realizare a acestuia, pentru ca \u00eencep\u00e2nd cu noul an s\u0103 se purcead\u0103 la munca asupra p\u0103r\u0163ii legislative \u0219i juridice a documentului\u201d.<\/p>\n<p>\u201eDoar \u0163\u0103rile stabile, autosuficiente \u0219i puternice sun recunoscute. Dizolva slab. Dac\u0103 dorim s\u0103 ne p\u0103str\u0103m autonomia \u0219i independen\u021ba, dac\u0103 lupta pentru recunoa\u0219terea statalit\u0103\u021bii noastre, trebuie s\u0103 fim uni\u0163i, s\u0103 fim puternici \u0219i autosuficien\u0163i\u201d, a spus Krasnoselski.<\/p>\n<p>Sursa:\u00a0<a href=\"http:\/\/www.infotag.md\/rebelion-ro\/263794\/\">http:\/\/www.infotag.md\/<\/a><\/p>\n","protected":false},"excerpt":{"rendered":"<p>Pre\u015fedintele autoproclamatei RMN, Vadim Krasnoselski, consider\u0103 c\u0103 Transnistria \u201etrebuie s\u0103 treac\u0103 de la programul de supravie\u0163uire \u015fi reanimare la cel de dezvoltare\u201d. Potrivit agen\u0163iei INFOTAG cu referire la site-ul liderului de la Tiraspol, despre aceasta el a declarat joi, \u00een cadrul \u015fedin\u0163ei extinse a Guvernului, la care a dispus elaborarea \u201eunui program de stat de&#8230;<\/p>\n","protected":false},"author":2,"featured_media":0,"comment_status":"closed","ping_status":"open","sticky":false,"template":"","format":"standard","meta":[],"categories":[1],"tags":[],"_links":{"self":[{"href":"https:\/\/centers.ulbsibiu.ro\/ccsprise\/lact\/wp-json\/wp\/v2\/posts\/4897"}],"collection":[{"href":"https:\/\/centers.ulbsibiu.ro\/ccsprise\/lact\/wp-json\/wp\/v2\/posts"}],"about":[{"href":"https:\/\/centers.ulbsibiu.ro\/ccsprise\/lact\/wp-json\/wp\/v2\/types\/post"}],"author":[{"embeddable":true,"href":"https:\/\/centers.ulbsibiu.ro\/ccsprise\/lact\/wp-json\/wp\/v2\/users\/2"}],"replies":[{"embeddable":true,"href":"https:\/\/centers.ulbsibiu.ro\/ccsprise\/lact\/wp-json\/wp\/v2\/comments?post=4897"}],"version-history":[{"count":2,"href":"https:\/\/centers.ulbsibiu.ro\/ccsprise\/lact\/wp-json\/wp\/v2\/posts\/4897\/revisions"}],"predecessor-version":[{"id":4899,"href":"https:\/\/centers.ulbsibiu.ro\/ccsprise\/lact\/wp-json\/wp\/v2\/posts\/4897\/revisions\/4899"}],"wp:attachment":[{"href":"https:\/\/centers.ulbsibiu.ro\/ccsprise\/lact\/wp-json\/wp\/v2\/media?parent=4897"}],"wp:term":[{"taxonomy":"category","embeddable":true,"href":"https:\/\/centers.ulbsibiu.ro\/ccsprise\/lact\/wp-json\/wp\/v2\/categories?post=4897"},{"taxonomy":"post_tag","embeddable":true,"href":"https:\/\/centers.ulbsibiu.ro\/ccsprise\/lact\/wp-json\/wp\/v2\/tags?post=4897"}],"curies":[{"name":"wp","href":"https:\/\/api.w.org\/{rel}","templated":true}]}}