{"id":4893,"date":"2018-06-08T06:57:19","date_gmt":"2018-06-08T04:57:19","guid":{"rendered":"https:\/\/centers.ulbsibiu.ro\/ccsprise\/lact\/?p=4893"},"modified":"2018-06-08T06:57:19","modified_gmt":"2018-06-08T04:57:19","slug":"infotag-md-fostul-presedinte-al-bancii-centrale-transnistrene-a-fost-condamnat-la-trei-ani-de-inchisoare","status":"publish","type":"post","link":"https:\/\/centers.ulbsibiu.ro\/ccsprise\/lact\/infotag-md-fostul-presedinte-al-bancii-centrale-transnistrene-a-fost-condamnat-la-trei-ani-de-inchisoare\/","title":{"rendered":"Infotag.md &#8211; FOSTUL PRE\u015eEDINTE AL B\u0102NCII CENTRALE TRANSNISTRENE A FOST CONDAMNAT LA TREI ANI DE \u00ceNCHISOARE"},"content":{"rendered":"<p>Fostul pre\u015fedinte al B\u0103ncii Centrale Transnistrene, Eduard Kosovski, \u00ee\u015fi va petrece urm\u0103torii trei ani dup\u0103 gratii.<\/p>\n<p>Potrivit agen\u0163iei INFOTAG cu referire la presa din regiune, sentin\u0163a a fost pronun\u0163at\u0103 \u00een ajun de Judec\u0103toria din Tiraspol, bancherul fiind recunoscut vinovat de dep\u0103\u015firea atribu\u0163iilor de serviciu.<\/p>\n<p>Adjunctul s\u0103u, Alexandru Leanca s-a ales cu doi ani de \u00eenchisoare cu suspendare.<\/p>\n<p>Potrivit anchetei, fosta conducere a b\u0103ncii se face vinovat\u0103 de crearea \u00een 2016 a crizei valutare \u00een Transnistria. Cu implicarea direct\u0103 a lui Kosovski \u015fi Leanca, a fost creat\u0103 o schem\u0103 prin care persoane apropiate guvern\u0103rii, oameni de afaceri, au avut posibilitatea s\u0103 cumpere valut\u0103 la cursul oficial, \u00een timp ce ceilal\u0163i cump\u0103rau valut\u0103 la cursul de pia\u0163\u0103, care este cu mult mai mare.<\/p>\n<p>Sursa:\u00a0<a href=\"http:\/\/www.infotag.md\/rebelion-ro\/263785\/\">http:\/\/www.infotag.md\/<\/a><\/p>\n","protected":false},"excerpt":{"rendered":"<p>Fostul pre\u015fedinte al B\u0103ncii Centrale Transnistrene, Eduard Kosovski, \u00ee\u015fi va petrece urm\u0103torii trei ani dup\u0103 gratii. Potrivit agen\u0163iei INFOTAG cu referire la presa din regiune, sentin\u0163a a fost pronun\u0163at\u0103 \u00een ajun de Judec\u0103toria din Tiraspol, bancherul fiind recunoscut vinovat de dep\u0103\u015firea atribu\u0163iilor de serviciu. Adjunctul s\u0103u, Alexandru Leanca s-a ales cu doi ani de \u00eenchisoare&#8230;<\/p>\n","protected":false},"author":2,"featured_media":0,"comment_status":"closed","ping_status":"open","sticky":false,"template":"","format":"standard","meta":[],"categories":[1],"tags":[],"_links":{"self":[{"href":"https:\/\/centers.ulbsibiu.ro\/ccsprise\/lact\/wp-json\/wp\/v2\/posts\/4893"}],"collection":[{"href":"https:\/\/centers.ulbsibiu.ro\/ccsprise\/lact\/wp-json\/wp\/v2\/posts"}],"about":[{"href":"https:\/\/centers.ulbsibiu.ro\/ccsprise\/lact\/wp-json\/wp\/v2\/types\/post"}],"author":[{"embeddable":true,"href":"https:\/\/centers.ulbsibiu.ro\/ccsprise\/lact\/wp-json\/wp\/v2\/users\/2"}],"replies":[{"embeddable":true,"href":"https:\/\/centers.ulbsibiu.ro\/ccsprise\/lact\/wp-json\/wp\/v2\/comments?post=4893"}],"version-history":[{"count":1,"href":"https:\/\/centers.ulbsibiu.ro\/ccsprise\/lact\/wp-json\/wp\/v2\/posts\/4893\/revisions"}],"predecessor-version":[{"id":4894,"href":"https:\/\/centers.ulbsibiu.ro\/ccsprise\/lact\/wp-json\/wp\/v2\/posts\/4893\/revisions\/4894"}],"wp:attachment":[{"href":"https:\/\/centers.ulbsibiu.ro\/ccsprise\/lact\/wp-json\/wp\/v2\/media?parent=4893"}],"wp:term":[{"taxonomy":"category","embeddable":true,"href":"https:\/\/centers.ulbsibiu.ro\/ccsprise\/lact\/wp-json\/wp\/v2\/categories?post=4893"},{"taxonomy":"post_tag","embeddable":true,"href":"https:\/\/centers.ulbsibiu.ro\/ccsprise\/lact\/wp-json\/wp\/v2\/tags?post=4893"}],"curies":[{"name":"wp","href":"https:\/\/api.w.org\/{rel}","templated":true}]}}