{"id":4891,"date":"2018-06-08T06:55:13","date_gmt":"2018-06-08T04:55:13","guid":{"rendered":"https:\/\/centers.ulbsibiu.ro\/ccsprise\/lact\/?p=4891"},"modified":"2018-06-08T06:55:13","modified_gmt":"2018-06-08T04:55:13","slug":"ziarulnational-md-asa-zisul-sef-al-diplomatiei-de-la-tiraspol-vitali-ignatiev-scopul-nostru-e-sa-construim-un-stat-independent-care-sa-se-uneasca-cu-federatia-rusa","status":"publish","type":"post","link":"https:\/\/centers.ulbsibiu.ro\/ccsprise\/lact\/ziarulnational-md-asa-zisul-sef-al-diplomatiei-de-la-tiraspol-vitali-ignatiev-scopul-nostru-e-sa-construim-un-stat-independent-care-sa-se-uneasca-cu-federatia-rusa\/","title":{"rendered":"Ziarulnational.md &#8211; A\u0219a-zisul \u0219ef al diploma\u021biei de la Tiraspol, Vitali Ignatiev: \u201eScopul nostru e s\u0103 construim un stat INDEPENDENT, care s\u0103 se uneasc\u0103 cu Federa\u021bia Rus\u0103\u201d"},"content":{"rendered":"<div class=\"live_align\">\n<p>Autorit\u0103\u021bile neconstitu\u021bionale de la Tiraspol urm\u0103resc s\u0103 se rup\u0103 de R. Moldova, pentru ca ulterior s\u0103 se uneasc\u0103 cu Federa\u021bia Rus\u0103, declar\u0103 a\u0219a-zisul \u0219ef al diploma\u021biei de la Tiraspol, Vitali Ignatiev, \u00eentr-un interviu pentru <a href=\"http:\/\/www.eastbook.eu\/ru\/2018\/05\/23\/deneka-naddniestrze-vitalii-ignatiev-wywiad\/\" target=\"_blank\" rel=\"noopener\">Eastbook.eu<\/a>.<\/p>\n<p>Ignatiev a recunoscut faptul c\u0103 drumul spre recunoa\u0219tere a Transnistriei va fi foarte dificil, iar din acest motiv se \u00eencearc\u0103 c\u0103utarea unei forme de rezolvare a conflictului.<\/p>\n<p>\u201ePutem s\u0103 ne amintim de \u201eplanul Primakov\u201d, \u201eMemorandumul Kozak\u201d sau a\u0219a-numi\u021bii \u201e\u0219apte pa\u0219i\u201d care au fost propu\u0219i de Iu\u0219cenko. Prin intermediul \u201eMemorandumului Kozak\u201d s-a \u00eencercat construirea unei federa\u021bii asimetrice. Dup\u0103 lungi negocieri \u0219i \u00eent\u00e2lniri, ambele p\u0103r\u021bi au fost de acord pentru semna documentul. Dar, \u00een ultimul moment, partea moldoveneasc\u0103 a refuzat. Atunci a fost ratat\u0103 ultima \u0219ans\u0103 politic\u0103 \u0219i diplomatic\u0103 pentru a construi un stat comun \u00een interiorul frontierelor comune. Dac\u0103 \u00een 2003 acel document intra \u00een vigoare, atunci ast\u0103zi vedeam deja dac\u0103 era viabil\u0103 aceast\u0103 construc\u021bie\u201d, a declarat Ignatiev.<\/p>\n<p>Sursa citat\u0103 sus\u021bine c\u0103 Transnistria nu e parte component\u0103 a R. Moldova \u0219i c\u0103 popula\u021bia din st\u00e2nga Nistrului opteaz\u0103 pentru independen\u021b\u0103 \u0219i alipirea la Rusia.<\/p>\n<p>\u201eStatul nostru exist\u0103 deja de 28 de ani, iar \u00een aceast\u0103 perioad\u0103 am demonstrat c\u0103 suntem capabili s\u0103 supravie\u021buim. Este o realitate. \u021aelul nostru este s\u0103 construim un stat independent, cu aderarea ulterioar\u0103 la Federa\u021bia Rus\u0103. Acest lucru s-a decis \u00een 2006 \u0219i nu cred c\u0103 p\u0103rerea popula\u021biei s-a schimbat. Acum noi dezvolt\u0103m rela\u021bii complexe cu Rusia, ca partener strategic al Transnistriei\u201d, a ad\u0103ugat acesta.<\/p>\n<p>Ignatiev a vorbit \u0219i despre obiectivele sale \u00een calitate de \u0219ef al diploma\u021biei de la Tiraspol: \u201eDesigur, solu\u021bionarea rela\u021biilor moldo-transnistrene la nivelul existen\u021bei a dou\u0103 state independente. Un factor la fel de important este recunoa\u0219terea interna\u021bional\u0103 a Transnistriei. Avem, de asemenea, priorit\u0103\u021bi strategice &#8211; integrarea \u00een spa\u021biul eurasiatic. \u00cen cazul \u00een care majoritatea cet\u0103\u021benilor va dori dezvoltarea rela\u021biilor cu Uniunea Euroasiatic\u0103, atunci vom pune \u00een aplicare aceast\u0103 solicitare\u201d, a conchis Vitali Ignatiev.<\/p>\n<\/div>\n<div class=\"live_align\">Sursa:\u00a0<a href=\"http:\/\/www.ziarulnational.md\/asa-zisul-sef-al-diplomatiei-de-la-tiraspol-vitalii-ignatiev-scopul-nostru-e-sa-construim-un-stat-independent-care-sa-se-uneasca-cu-federatia-rusa\/http:\/\/www.ziarulnational.md\/asa-zisul-sef-al-diplomatiei-de-la-tiraspol-vitalii-ignatiev-scopul-nostru-e-sa-construim-un-stat-independent-care-sa-se-uneasca-cu-federatia-rusa\/\">http:\/\/www.ziarulnational.md\/<\/a><\/div>\n","protected":false},"excerpt":{"rendered":"<p>Autorit\u0103\u021bile neconstitu\u021bionale de la Tiraspol urm\u0103resc s\u0103 se rup\u0103 de R. Moldova, pentru ca ulterior s\u0103 se uneasc\u0103 cu Federa\u021bia Rus\u0103, declar\u0103 a\u0219a-zisul \u0219ef al diploma\u021biei de la Tiraspol, Vitali Ignatiev, \u00eentr-un interviu pentru Eastbook.eu. Ignatiev a recunoscut faptul c\u0103 drumul spre recunoa\u0219tere a Transnistriei va fi foarte dificil, iar din acest motiv se \u00eencearc\u0103&#8230;<\/p>\n","protected":false},"author":2,"featured_media":0,"comment_status":"closed","ping_status":"open","sticky":false,"template":"","format":"standard","meta":[],"categories":[1],"tags":[],"_links":{"self":[{"href":"https:\/\/centers.ulbsibiu.ro\/ccsprise\/lact\/wp-json\/wp\/v2\/posts\/4891"}],"collection":[{"href":"https:\/\/centers.ulbsibiu.ro\/ccsprise\/lact\/wp-json\/wp\/v2\/posts"}],"about":[{"href":"https:\/\/centers.ulbsibiu.ro\/ccsprise\/lact\/wp-json\/wp\/v2\/types\/post"}],"author":[{"embeddable":true,"href":"https:\/\/centers.ulbsibiu.ro\/ccsprise\/lact\/wp-json\/wp\/v2\/users\/2"}],"replies":[{"embeddable":true,"href":"https:\/\/centers.ulbsibiu.ro\/ccsprise\/lact\/wp-json\/wp\/v2\/comments?post=4891"}],"version-history":[{"count":1,"href":"https:\/\/centers.ulbsibiu.ro\/ccsprise\/lact\/wp-json\/wp\/v2\/posts\/4891\/revisions"}],"predecessor-version":[{"id":4892,"href":"https:\/\/centers.ulbsibiu.ro\/ccsprise\/lact\/wp-json\/wp\/v2\/posts\/4891\/revisions\/4892"}],"wp:attachment":[{"href":"https:\/\/centers.ulbsibiu.ro\/ccsprise\/lact\/wp-json\/wp\/v2\/media?parent=4891"}],"wp:term":[{"taxonomy":"category","embeddable":true,"href":"https:\/\/centers.ulbsibiu.ro\/ccsprise\/lact\/wp-json\/wp\/v2\/categories?post=4891"},{"taxonomy":"post_tag","embeddable":true,"href":"https:\/\/centers.ulbsibiu.ro\/ccsprise\/lact\/wp-json\/wp\/v2\/tags?post=4891"}],"curies":[{"name":"wp","href":"https:\/\/api.w.org\/{rel}","templated":true}]}}