{"id":4889,"date":"2018-06-08T06:52:20","date_gmt":"2018-06-08T04:52:20","guid":{"rendered":"https:\/\/centers.ulbsibiu.ro\/ccsprise\/lact\/?p=4889"},"modified":"2018-06-08T06:52:20","modified_gmt":"2018-06-08T04:52:20","slug":"gov-md-comisia-unificata-de-constrol-identifica-solutii-pentru-asigurarea-liberei-circulatii-in-preajma-podului-redeschis-pe-r-nistru","status":"publish","type":"post","link":"https:\/\/centers.ulbsibiu.ro\/ccsprise\/lact\/gov-md-comisia-unificata-de-constrol-identifica-solutii-pentru-asigurarea-liberei-circulatii-in-preajma-podului-redeschis-pe-r-nistru\/","title":{"rendered":"Gov.md &#8211; Comisia Unificat\u0103 de Constrol identific\u0103 solu\u021bii pentru asigurarea liberei circula\u021bii \u00een preajma podului redeschis pe r. Nistru"},"content":{"rendered":"<div class=\"yiv1574780244gmail-panel-pane yiv1574780244gmail-pane-entity-field yiv1574780244gmail-pane-node-body yiv1574780244gmail-press-release\">\n<div class=\"yiv1574780244gmail-pane-content\">\n<div class=\"yiv1574780244gmail-field yiv1574780244gmail-field-name-body yiv1574780244gmail-field-type-text-with-summary yiv1574780244gmail-field-label-hidden\">\n<div class=\"yiv1574780244gmail-field-items\">\n<div class=\"yiv1574780244gmail-field-item yiv1574780244even\">\n<p>La 7 iunie curent, \u00een or. Bender s-a \u00eentrunit Comisia Unificat\u0103 de Control (CUC), condus\u0103 de delega\u021bia transnistrean\u0103, care \u0219i-a concentrat activitatea pe subiectul principal: ac\u021biunile CUC \u0219i Comandamentului Militar \u00centrunit (CM\u00ce) \u00een leg\u0103tur\u0103 cu redeschiderea, pe 18 noiembrie 2017 a podului din preajma localit\u0103\u021bilor Gura B\u00e2cului \u0219i B\u00e2cioc.<\/p>\n<p>Reie\u0219ind din rezultatele Conferin\u021bei permanente pe probleme politice \u00een procesul de reglementare transnistrean\u0103 din cadrul formatului de negocieri \u201c5+2\u201d desf\u0103\u0219urat\u0103 la Roma, \u00een perioada 29-30 mai 2018, Delega\u021bia Chi\u0219in\u0103ului a \u00eendemnat toate componentele CUC, s\u0103 contribuie pentru asigurarea liberei circula\u021bii pe podul men\u021bionat \u00een formatul opera\u021biunii de pacificare.<\/p>\n<p>\u00cen context, partea moldoveneasc\u0103 insist\u0103 pe lichidarea posturilor de \u201egr\u0103niceri\u201d, \u201evame\u0219i\u201d \u0219i \u201emigra\u021bional\u201d, instalate \u00een preajma podului de structurile transnistrene \u0219i propune monitorizarea \u0219i implementarea acestui proces de c\u0103tre militarii For\u021belor Mixte de Pacificare \u0219i efectivele comune ale Poli\u021biei \u0219i a\u0219a-numita mili\u021bie.<\/p>\n<p>Constat\u0103m c\u0103 la aceast\u0103 etap\u0103, nu a fost identificat\u0103 o solu\u021bie unanim acceptat\u0103 de p\u0103r\u021bi, unele componente solicit\u00e2nd timp pentru consult\u0103ri suplimentare.<\/p>\n<p>Totodat\u0103, Comisia l-a eliberat din func\u021bia de observator militar din partea Federa\u021biei Ruse pe locotenent-colonelul\u00a0Pavel Tretiakov \u0219i a aprobat raportul Comandamentul Militar \u00centrunit\u00a0privind situa\u021bia din Zona de Securitate.<\/p>\n<p>Urm\u0103toarea \u0219edin\u021b\u0103 a CUC va \u00a0avea loc la 14 iunie 2018.<\/p>\n<p>&nbsp;<\/p>\n<p><strong>Delega\u021bia Republicii Moldova \u00een CUC\u00a0<\/strong><\/p>\n<\/div>\n<p>Sursa:\u00a0<a href=\"https:\/\/gov.md\/ro\/content\/comisia-unificata-de-constrol-identifica-solutii-pentru-asigurarea-liberei-circulatii\">https:\/\/gov.md\/<\/a><\/p>\n<\/div>\n<\/div>\n<\/div>\n<\/div>\n","protected":false},"excerpt":{"rendered":"<p>La 7 iunie curent, \u00een or. Bender s-a \u00eentrunit Comisia Unificat\u0103 de Control (CUC), condus\u0103 de delega\u021bia transnistrean\u0103, care \u0219i-a concentrat activitatea pe subiectul principal: ac\u021biunile CUC \u0219i Comandamentului Militar \u00centrunit (CM\u00ce) \u00een leg\u0103tur\u0103 cu redeschiderea, pe 18 noiembrie 2017 a podului din preajma localit\u0103\u021bilor Gura B\u00e2cului \u0219i B\u00e2cioc. Reie\u0219ind din rezultatele Conferin\u021bei permanente pe&#8230;<\/p>\n","protected":false},"author":2,"featured_media":0,"comment_status":"closed","ping_status":"open","sticky":false,"template":"","format":"standard","meta":[],"categories":[1],"tags":[],"_links":{"self":[{"href":"https:\/\/centers.ulbsibiu.ro\/ccsprise\/lact\/wp-json\/wp\/v2\/posts\/4889"}],"collection":[{"href":"https:\/\/centers.ulbsibiu.ro\/ccsprise\/lact\/wp-json\/wp\/v2\/posts"}],"about":[{"href":"https:\/\/centers.ulbsibiu.ro\/ccsprise\/lact\/wp-json\/wp\/v2\/types\/post"}],"author":[{"embeddable":true,"href":"https:\/\/centers.ulbsibiu.ro\/ccsprise\/lact\/wp-json\/wp\/v2\/users\/2"}],"replies":[{"embeddable":true,"href":"https:\/\/centers.ulbsibiu.ro\/ccsprise\/lact\/wp-json\/wp\/v2\/comments?post=4889"}],"version-history":[{"count":1,"href":"https:\/\/centers.ulbsibiu.ro\/ccsprise\/lact\/wp-json\/wp\/v2\/posts\/4889\/revisions"}],"predecessor-version":[{"id":4890,"href":"https:\/\/centers.ulbsibiu.ro\/ccsprise\/lact\/wp-json\/wp\/v2\/posts\/4889\/revisions\/4890"}],"wp:attachment":[{"href":"https:\/\/centers.ulbsibiu.ro\/ccsprise\/lact\/wp-json\/wp\/v2\/media?parent=4889"}],"wp:term":[{"taxonomy":"category","embeddable":true,"href":"https:\/\/centers.ulbsibiu.ro\/ccsprise\/lact\/wp-json\/wp\/v2\/categories?post=4889"},{"taxonomy":"post_tag","embeddable":true,"href":"https:\/\/centers.ulbsibiu.ro\/ccsprise\/lact\/wp-json\/wp\/v2\/tags?post=4889"}],"curies":[{"name":"wp","href":"https:\/\/api.w.org\/{rel}","templated":true}]}}