{"id":4887,"date":"2018-06-07T15:51:56","date_gmt":"2018-06-07T13:51:56","guid":{"rendered":"https:\/\/centers.ulbsibiu.ro\/ccsprise\/lact\/?p=4887"},"modified":"2020-06-12T18:44:18","modified_gmt":"2020-06-12T16:44:18","slug":"viitorul-org-reintegrarea-republicii-moldova-valabila-doar-in-urma-conjuncturii-politice-favorabile","status":"publish","type":"post","link":"https:\/\/centers.ulbsibiu.ro\/ccsprise\/lact\/viitorul-org-reintegrarea-republicii-moldova-valabila-doar-in-urma-conjuncturii-politice-favorabile\/","title":{"rendered":"Viitorul.org &#8211; Reintegrarea Republicii Moldova, valabil\u0103 doar \u00een urma conjuncturii politice favorabile"},"content":{"rendered":"<p><a class=\"author\" href=\"http:\/\/viitorul.org\/ro\/experts?uid=27\"><strong>Victor Ursu<\/strong><\/a><\/p>\n<p class=\"rtejustify\">Negocierile privind solu\u021bionarea diferendului transnistrean nu trebuie s\u0103 constituie un scop \u00een sine prin care autorit\u0103\u021bile Republicii Moldova s\u0103 fie ademenite spre o nou\u0103 \u201eistorie de succes\u201d \u00een reglementarea conflictelor \u00eenghe\u021bate pentru c\u0103 scopul central a politici de reintegrare este consolidarea spa\u021biului constitu\u021bional al \u021b\u0103rii, imposibil de atins f\u0103r\u0103 retragerea necondi\u021bionat\u0103 a trupelor str\u0103ine ruse\u0219ti.<\/p>\n<p class=\"rtejustify\">Orice negocieri purtate \u00een formatul acceptat de mediatori trebuie s\u0103 serveasc\u0103 obiectiv scopului reintegr\u0103rii Republicii Moldova, \u0219i nu disloc\u0103rii sau \u201ecantoniz\u0103rii\u201d teritoriale dup\u0103 re\u021bete incompatibile cu caracterul unitar \u0219i suveran al statului, construind rezilien\u021b\u0103, dup\u0103 cum recomand\u0103, \u00een mod repetat, statelor membre \u0219i asociate Uniunea European\u0103, \u0219i nu sl\u0103biciune sau ambiguit\u0103\u021bi de statut.<\/p>\n<p class=\"rtejustify\">Democratizarea \u0219i dezvoltarea economic\u0103 sunt importante, ca instrumente de facilitare a colabor\u0103rii \u00eentre p\u0103r\u021bi, dar ele \u00een sine nu pot ajuta politicilor de reintegrare dac\u0103 mediatorii \u0219i observatorii procesului de negocieri vor evita subiecte \u201ehard\u201d \u00een procesul de reglementare, cum sunt: evacuarea trupelor ruse\u0219ti, schimbarea misiunii de pacificare, \u00eenc\u0103lc\u0103rile frecvente ale regimului zonei de securitate, folosirea instrumentelor de reprimare contra cet\u0103\u021benilor Republicii Moldova care locuiesc \u00een st\u00e2nga Nistrului de c\u0103tre organele de securitate ale regimului separatist.<\/p>\n<p class=\"rtejustify\">Acestea au fost c\u00e2teva mesaje cheie \u00een cadrul conferin\u021bei organizate de IDIS \u201eViitorul\u201d, la 6 iunie 2018, la Summit Events, \u201eEvolu\u021biile \u0219i provoc\u0103rile securit\u0103\u021bii regionale: viziunile Republica Moldova \u0219i Ucraina\u201d.<\/p>\n<p class=\"rtejustify\">Roman Bo\u021ban, membru al Comisiei parlamentare pentru securitate na\u021bional\u0103, securitate \u0219i ordine public\u0103, sus\u021bine c\u0103 politica de reintegrare a \u021b\u0103rii bate pasul pe loc; guvernul resimte lipsa unei politici unitare de rezolvare a conflictului secesionist, iar organul legislativ nu este consultat de Guvern pe subiectele discutate \u00een cadrul negocierilor. \u201eE nevoie de un sistem democratic unde institu\u021biile statului ar putea colabora \u00een definirea pozi\u021biei comune,\u201d a men\u021bionat Bo\u021ban.<\/p>\n<p class=\"rtejustify\">Igor Munteanu, directorul IDIS \u201eViitorul\u201d, a dezvoltat conceptul \u201eteritoriului ocupat\u201d \u00een dreptul interna\u021bional \u0219i implica\u021biile adopt\u0103rii acestui termin de c\u0103tre Curtea Constitu\u021bional\u0103 a Republicii Moldova asupra politicilor statului, explic\u00e2nd c\u0103 deciziile cur\u021bii sunt obligatorii, ele trebuie s\u0103 fie c\u0103l\u0103uzitoare pentru politicile statului, inclusiv pentru acele decizii al guvernului care traseaz\u0103 linii de conduit\u0103 \u00een negocieri. Vorbitorul a regretat faptul c\u0103 sub presiunea unei conjuncturi politice, unii deciden\u021bi hot\u0103r\u0103sc ad hoc asupra unor subiecte care nu sunt suficient de clar analizate, care produc prin efectele lor situa\u021bii de \u00eenr\u0103ut\u0103\u021bire a pozi\u021biilor statului \u00een raport cu al\u021bi actori ai acestui conflict, inclusiv \u00een raport cu sponsorii reali ai conflictului. Acesta s-a referit la livr\u0103rile de gaze naturale ca instrumente de subsidiere a regimului, la achizi\u021biile de propriet\u0103\u021bi industriale contra datoriilor, implic\u00e2nd oligarhi ru\u0219i sau transnistreni, care-au contribuit esen\u021bial la colectarea datoriilor exorbitante de 6,4 mlrd $ (f\u0103r\u0103 penalit\u0103\u021bi) ale companiei mixte Moldova-gaz. Autorit\u0103\u021bile statului se preocup\u0103 pu\u021bin \u00een acest moment de securitatea cet\u0103\u021benilor s\u0103i, afecta\u021bi de amenin\u021b\u0103ri hibride, dar \u0219i conven\u021bionale prin p\u0103strarea intact\u0103 a surselor de conflict militar \u0219i subversiv transnistrean.<\/p>\n<p class=\"rtejustify\">George Balan, consilier principal de stat al Prim-Ministrului \u00een domeniul reintegr\u0103rii, a men\u021bionat c\u0103 orice discu\u021bii privind negocierile politice sunt inutile p\u00e2n\u0103 c\u00e2nd nu vor fi retrase definitiv toate efectivele militare str\u0103ine. \u201eEste de neimaginat s\u0103 oferim recunoa\u0219terea unor formate politice \u00een prezen\u021ba acestor factori de inhibi\u021bie \u0219i amenin\u021bare. Chi\u0219in\u0103ul nu trebuie s\u0103 renun\u021be la negocieri, dar trebuie s\u0103 ne asigur\u0103m c\u0103 cet\u0103\u021benii Republicii Moldova nu sunt leza\u021bi \u00een drepturile lor, indiferent de care parte a Nistrului se g\u0103sesc. \u00cen 2017, Republica Moldova a \u00eenceput de facto s\u0103 controleze frontiera de est a \u021b\u0103rii cu Ucraina, dar sunt \u0219i alte c\u0103i de extindere a spa\u021biilor comune constitu\u021bionale asupra regiunii din st\u00e2nga Nistrului\u201d.<\/p>\n<p class=\"rtejustify\">Alin Gvidiani, \u0219ef-adjunct al Biroului politici de reintegrare, \u0219ef sec\u021bie\u00a0analiz\u0103 \u0219i planificare sus\u021bine c\u0103 autorit\u0103\u021bile Republicii Moldova \u00eentreprind m\u0103surile necesare pentru ca cet\u0103\u021benii din vecin\u0103tatea traseului R\u00e2bni\u021ba-Tiraspol s\u0103 aib\u0103 acces la terenurile agricole amplasate \u00een st\u00e2nga Nistrului. Totodat\u0103, sunt \u00eentreprin\u0219i pa\u0219i concre\u021bi pentru apropierea celor dou\u0103 maluri ale Nistrului. Drept exemple sunt redeschiderea circula\u021biei pe podul Gura B\u00e2cului-B\u00e2cioc sau semnarea protocolului privind accesul vehiculelor din st\u00e2nga Nistrului \u00een traficul interna\u021bional.<\/p>\n<p class=\"rtejustify\">Artyom Filipenko, expert ucrainean, s-a referit la amenin\u021b\u0103rile \u201ehibride\u201d fa\u021b\u0103 de Ucraina din perspectiva conflictelor regionale. El a men\u021bionat c\u0103 \u201e\u00een mediul exper\u021bilor \u0219i politicienilor occidental \u00eenc\u0103 mai persist\u0103 ideea c\u0103 conflictul transnistrean este o problem\u0103 local\u0103 care nu are vreo leg\u0103tur\u0103 cu politica Rusiei fa\u021b\u0103 de Europa de Sud-Est \u0219i regiunea M\u0103rii Negre. O astfel de abordare \u00eengust\u0103 a permis ob\u021binerea unui spa\u021biu larg pentru manevrele de manipulare din partea Moscovei \u00een privin\u021ba problemelor regionale. Existen\u021ba Transnistriei \u0219i prezen\u021ba pe teritoriul ei a unui contingent militar rus \u0219i a\u0219a-numitelor for\u021be armate ale Transnistriei ar trebui s\u0103 fie luate \u00een considerare \u00een contextul echilibrului militar-strategic global al for\u021belor din regiunea M\u0103rii Negre. Acest echilibru a fost \u00eenc\u0103lcat dup\u0103 ocuparea Crimeei \u00een urma c\u0103reia Rusia controleaz\u0103 complet peninsula, care are o loca\u021bie geografic\u0103 favorabil\u0103, amenin\u021b\u00e2nd securitatea regional\u0103\u201d.<\/p>\n<p>Textul complet:\u00a0<a href=\"http:\/\/viitorul.org\/ro\/content\/reintegrarea-republicii-moldova-valabil\u0103-doar-\u00een-urma-conjuncturii-politice-favorabile\">http:\/\/viitorul.org\/<\/a><\/p>\n","protected":false},"excerpt":{"rendered":"<p>Victor Ursu Negocierile privind solu\u021bionarea diferendului transnistrean nu trebuie s\u0103 constituie un scop \u00een sine prin care autorit\u0103\u021bile Republicii Moldova s\u0103 fie ademenite spre o nou\u0103 \u201eistorie de succes\u201d \u00een reglementarea conflictelor \u00eenghe\u021bate pentru c\u0103 scopul central a politici de reintegrare este consolidarea spa\u021biului constitu\u021bional al \u021b\u0103rii, imposibil de atins f\u0103r\u0103 retragerea necondi\u021bionat\u0103 a trupelor&#8230;<\/p>\n","protected":false},"author":2,"featured_media":0,"comment_status":"closed","ping_status":"open","sticky":false,"template":"","format":"standard","meta":[],"categories":[1],"tags":[],"_links":{"self":[{"href":"https:\/\/centers.ulbsibiu.ro\/ccsprise\/lact\/wp-json\/wp\/v2\/posts\/4887"}],"collection":[{"href":"https:\/\/centers.ulbsibiu.ro\/ccsprise\/lact\/wp-json\/wp\/v2\/posts"}],"about":[{"href":"https:\/\/centers.ulbsibiu.ro\/ccsprise\/lact\/wp-json\/wp\/v2\/types\/post"}],"author":[{"embeddable":true,"href":"https:\/\/centers.ulbsibiu.ro\/ccsprise\/lact\/wp-json\/wp\/v2\/users\/2"}],"replies":[{"embeddable":true,"href":"https:\/\/centers.ulbsibiu.ro\/ccsprise\/lact\/wp-json\/wp\/v2\/comments?post=4887"}],"version-history":[{"count":1,"href":"https:\/\/centers.ulbsibiu.ro\/ccsprise\/lact\/wp-json\/wp\/v2\/posts\/4887\/revisions"}],"predecessor-version":[{"id":4888,"href":"https:\/\/centers.ulbsibiu.ro\/ccsprise\/lact\/wp-json\/wp\/v2\/posts\/4887\/revisions\/4888"}],"wp:attachment":[{"href":"https:\/\/centers.ulbsibiu.ro\/ccsprise\/lact\/wp-json\/wp\/v2\/media?parent=4887"}],"wp:term":[{"taxonomy":"category","embeddable":true,"href":"https:\/\/centers.ulbsibiu.ro\/ccsprise\/lact\/wp-json\/wp\/v2\/categories?post=4887"},{"taxonomy":"post_tag","embeddable":true,"href":"https:\/\/centers.ulbsibiu.ro\/ccsprise\/lact\/wp-json\/wp\/v2\/tags?post=4887"}],"curies":[{"name":"wp","href":"https:\/\/api.w.org\/{rel}","templated":true}]}}