{"id":4885,"date":"2018-06-06T16:36:40","date_gmt":"2018-06-06T14:36:40","guid":{"rendered":"https:\/\/centers.ulbsibiu.ro\/ccsprise\/lact\/?p=4885"},"modified":"2018-06-06T16:36:40","modified_gmt":"2018-06-06T14:36:40","slug":"europalibera-org-chisinaul-nu-face-cedari-in-fata-tiraspolului-declara-ambasadorul-sua-james-pettit","status":"publish","type":"post","link":"https:\/\/centers.ulbsibiu.ro\/ccsprise\/lact\/europalibera-org-chisinaul-nu-face-cedari-in-fata-tiraspolului-declara-ambasadorul-sua-james-pettit\/","title":{"rendered":"Europalibera.org &#8211; Chi\u0219in\u0103ul nu face ced\u0103ri \u00een fa\u021ba Tiraspolului, declar\u0103 ambasadorul SUA James Pettit"},"content":{"rendered":"<p>Ambasadorul american la Chi\u015fin\u0103u, James Pettit, apreciaz\u0103 ca fiind nejustificate \u00eengrijor\u0103rile potrivit c\u0103rora Chi\u0219in\u0103ul ar face din nou ced\u0103ri \u00een fa\u021ba Tiraspolului, oferindu-i elemente de suveranitate. \u201eDimpotriv\u0103, am v\u0103zut mult progres, iar toate deciziile care s-au luat \u00eent\u0103resc de fapt suveranitatea Chi\u015fin\u0103ului asupra Tiraspolului\u201d, a spus ambasadorul american, \u00eentr-un interviu pentru postul public de televiziune Moldova 1 \u0219i Radio Europa Liber\u0103. Declara\u021bii similare a f\u0103cut recent \u0219i \u0219eful Delega\u021biei UE la Chi\u0219in\u0103u, Peter Michalko.<\/p>\n<p>\u00cen opinia ambasadorului american, pe de o parte, aceste decizii reflect\u0103 dorin\u0163a ambelor p\u0103r\u0163i, iar pe de alta, ele pornesc de la premisa c\u0103 Transnistria este parte component\u0103 a R. Moldova, nu stat separat. Scopul final este reintegrarea Transnistriei, \u00een condi\u0163ii acceptate de ambele p\u0103r\u0163i, a mai spus James Pettit.<\/p>\n<p>Declara\u021biile ambasadorului vin la scurt timp dup\u0103 runda de negocieri \u00een formatul 5+2 pentru reglementarea transnistrean\u0103, de la Roma, \u00eencheiat\u0103 cu semnarea unui protocol \u00eentre Chi\u015fin\u0103u \u015fi Tiraspol privind \u00eendeplinirea tuturor prevederilor a\u0219a-numitului pachet de \u00een\u021belegeri convenit \u00een timpul pre\u0219edin\u021biei germane a OSCE, \u00een 2016. P\u00e2n\u0103 acum, din acest pachet au fost realizate c\u00e2teva protocoale, v\u0103zute de critici ca ced\u0103ri ale Chi\u015fin\u0103ului \u00een fa\u0163a Tiraspolului, \u00eentre acestea &#8211; recunoa\u0219terea diplomelor de studii din Transnistria \u0219i acceptarea unui model neutru, f\u0103r\u0103 \u00eensemnele statale ale R.Moldova, pentru pl\u0103cu\u021bele de \u00eenmatriculare ale mijloacelor de transport din regiune \u0219i admiterea acestora \u00een traficul auto interna\u0163ional.<\/p>\n<p>Anterior, \u0219i ambasadorul Uniunii Europene la Chi\u015fin\u0103u, Peter Michalko, a spus c\u0103 rezultatele acestor negocieri, de\u0219i criticate de unele voci din societatea moldoveneasc\u0103, sunt \u00een avantajul oamenilor de r\u00e2nd de pe cele dou\u0103 maluri ale Nistrului \u0219i vor aduce beneficii pe termen lung.<\/p>\n<p>Sursa:\u00a0<a href=\"https:\/\/www.europalibera.org\/a\/29274923.html\">https:\/\/www.europalibera.org\/<\/a><\/p>\n","protected":false},"excerpt":{"rendered":"<p>Ambasadorul american la Chi\u015fin\u0103u, James Pettit, apreciaz\u0103 ca fiind nejustificate \u00eengrijor\u0103rile potrivit c\u0103rora Chi\u0219in\u0103ul ar face din nou ced\u0103ri \u00een fa\u021ba Tiraspolului, oferindu-i elemente de suveranitate. \u201eDimpotriv\u0103, am v\u0103zut mult progres, iar toate deciziile care s-au luat \u00eent\u0103resc de fapt suveranitatea Chi\u015fin\u0103ului asupra Tiraspolului\u201d, a spus ambasadorul american, \u00eentr-un interviu pentru postul public de televiziune&#8230;<\/p>\n","protected":false},"author":2,"featured_media":0,"comment_status":"closed","ping_status":"open","sticky":false,"template":"","format":"standard","meta":[],"categories":[1],"tags":[],"_links":{"self":[{"href":"https:\/\/centers.ulbsibiu.ro\/ccsprise\/lact\/wp-json\/wp\/v2\/posts\/4885"}],"collection":[{"href":"https:\/\/centers.ulbsibiu.ro\/ccsprise\/lact\/wp-json\/wp\/v2\/posts"}],"about":[{"href":"https:\/\/centers.ulbsibiu.ro\/ccsprise\/lact\/wp-json\/wp\/v2\/types\/post"}],"author":[{"embeddable":true,"href":"https:\/\/centers.ulbsibiu.ro\/ccsprise\/lact\/wp-json\/wp\/v2\/users\/2"}],"replies":[{"embeddable":true,"href":"https:\/\/centers.ulbsibiu.ro\/ccsprise\/lact\/wp-json\/wp\/v2\/comments?post=4885"}],"version-history":[{"count":1,"href":"https:\/\/centers.ulbsibiu.ro\/ccsprise\/lact\/wp-json\/wp\/v2\/posts\/4885\/revisions"}],"predecessor-version":[{"id":4886,"href":"https:\/\/centers.ulbsibiu.ro\/ccsprise\/lact\/wp-json\/wp\/v2\/posts\/4885\/revisions\/4886"}],"wp:attachment":[{"href":"https:\/\/centers.ulbsibiu.ro\/ccsprise\/lact\/wp-json\/wp\/v2\/media?parent=4885"}],"wp:term":[{"taxonomy":"category","embeddable":true,"href":"https:\/\/centers.ulbsibiu.ro\/ccsprise\/lact\/wp-json\/wp\/v2\/categories?post=4885"},{"taxonomy":"post_tag","embeddable":true,"href":"https:\/\/centers.ulbsibiu.ro\/ccsprise\/lact\/wp-json\/wp\/v2\/tags?post=4885"}],"curies":[{"name":"wp","href":"https:\/\/api.w.org\/{rel}","templated":true}]}}