{"id":4883,"date":"2018-06-06T16:34:06","date_gmt":"2018-06-06T14:34:06","guid":{"rendered":"https:\/\/centers.ulbsibiu.ro\/ccsprise\/lact\/?p=4883"},"modified":"2018-06-06T16:34:06","modified_gmt":"2018-06-06T14:34:06","slug":"infotag-md-agentii-economici-transnistreni-sunt-indemnati-sa-semneze-memorandumul-de-responsabilitate-sociala","status":"publish","type":"post","link":"https:\/\/centers.ulbsibiu.ro\/ccsprise\/lact\/infotag-md-agentii-economici-transnistreni-sunt-indemnati-sa-semneze-memorandumul-de-responsabilitate-sociala\/","title":{"rendered":"Infotag.md &#8211; AGEN\u0162II ECONOMICI TRANSNISTRENI SUNT \u00ceNDEMNA\u0162I S\u0102 SEMNEZE MEMORANDUMUL DE RESPONSABILITATE SOCIAL\u0102"},"content":{"rendered":"<p>Ministerul Protec\u021biei Sociale \u0219i Muncii din autoproclamata RMN \u00eendeamn\u0103 agen\u021bii economici din regiune s\u0103 semneze Memorandumul privind responsabilitatea social\u0103 a business-ului.<\/p>\n<p>Potrivit agen\u0163iei INFOTAG cu referire la site-ul ministerului, acest lucru este motivat de dorin\u021ba de a \u201e\u00eembun\u0103t\u0103\u021bi calitatea vie\u021bii popula\u021biei, a angaja\u0163ilor organiza\u021biilor \u0219i a familiilor acestora, de a crea un climat favorabil de afaceri \u00een organiza\u0163ii \u0219i \u00een republic\u0103, de a dezvolta societatea civil\u0103, de a spori atractivitatea investi\u0163ional\u0103 a economiei, precum \u0219i de a \u00eembun\u0103t\u0103\u021bi situa\u0163ia ecologic\u0103 \u00een \u021bar\u0103\u201d.<\/p>\n<p>\u201ePentru a atinge obiectivele stabilite, membrii Memorandumului se angajeaz\u0103, \u00een special, s\u0103 respecte legisla\u021bia, contractele de munc\u0103, precum \u0219i normele \u0219i regulile etice; s\u0103 stabileasc\u0103 cu angaja\u021bii rela\u021bii \u00een baza parteneriatului social, obiectivelor comune, a respectului pentru interesele reciproce, a realit\u0103\u021bii angajamentelor asumate de p\u0103r\u021bi \u0219i a respect\u0103rii acestora; s\u0103 recunoasc\u0103 drepturile angaja\u021bilor la o compensare decent\u0103 \u0219i motivat\u0103 din punct de vedere economic pentru rezultatele muncii; s\u0103 previn\u0103 orice form\u0103 de discriminare \u0219i munc\u0103 for\u021bat\u0103; s\u0103 sprijine participarea lucr\u0103torilor la rezolvarea problemelor principiale de dezvoltare a organiza\u021biilor; s\u0103 asigure cerin\u021bele protec\u021biei muncii, lu\u00e2nd m\u0103suri pentru reducerea riscurilor de accidente de munc\u0103 \u0219i boli profesionale.<\/p>\n<p>Semnarea Memorandumului este una voluntar\u0103 \u0219i nu prevede mecanisme de control privind realizarea condi\u0163iilor de c\u0103tre organiza\u021biile care au aderat recent. Refuzul membrului de a respecta principalele clauze ale Memorandumului implic\u0103 \u00eencetarea calit\u0103\u021bii de membru.<\/p>\n<p>Sursa:\u00a0<a href=\"http:\/\/www.infotag.md\/rebelion-ro\/263734\/\">http:\/\/www.infotag.md\/<\/a><\/p>\n","protected":false},"excerpt":{"rendered":"<p>Ministerul Protec\u021biei Sociale \u0219i Muncii din autoproclamata RMN \u00eendeamn\u0103 agen\u021bii economici din regiune s\u0103 semneze Memorandumul privind responsabilitatea social\u0103 a business-ului. Potrivit agen\u0163iei INFOTAG cu referire la site-ul ministerului, acest lucru este motivat de dorin\u021ba de a \u201e\u00eembun\u0103t\u0103\u021bi calitatea vie\u021bii popula\u021biei, a angaja\u0163ilor organiza\u021biilor \u0219i a familiilor acestora, de a crea un climat favorabil de&#8230;<\/p>\n","protected":false},"author":2,"featured_media":0,"comment_status":"closed","ping_status":"open","sticky":false,"template":"","format":"standard","meta":[],"categories":[1],"tags":[],"_links":{"self":[{"href":"https:\/\/centers.ulbsibiu.ro\/ccsprise\/lact\/wp-json\/wp\/v2\/posts\/4883"}],"collection":[{"href":"https:\/\/centers.ulbsibiu.ro\/ccsprise\/lact\/wp-json\/wp\/v2\/posts"}],"about":[{"href":"https:\/\/centers.ulbsibiu.ro\/ccsprise\/lact\/wp-json\/wp\/v2\/types\/post"}],"author":[{"embeddable":true,"href":"https:\/\/centers.ulbsibiu.ro\/ccsprise\/lact\/wp-json\/wp\/v2\/users\/2"}],"replies":[{"embeddable":true,"href":"https:\/\/centers.ulbsibiu.ro\/ccsprise\/lact\/wp-json\/wp\/v2\/comments?post=4883"}],"version-history":[{"count":1,"href":"https:\/\/centers.ulbsibiu.ro\/ccsprise\/lact\/wp-json\/wp\/v2\/posts\/4883\/revisions"}],"predecessor-version":[{"id":4884,"href":"https:\/\/centers.ulbsibiu.ro\/ccsprise\/lact\/wp-json\/wp\/v2\/posts\/4883\/revisions\/4884"}],"wp:attachment":[{"href":"https:\/\/centers.ulbsibiu.ro\/ccsprise\/lact\/wp-json\/wp\/v2\/media?parent=4883"}],"wp:term":[{"taxonomy":"category","embeddable":true,"href":"https:\/\/centers.ulbsibiu.ro\/ccsprise\/lact\/wp-json\/wp\/v2\/categories?post=4883"},{"taxonomy":"post_tag","embeddable":true,"href":"https:\/\/centers.ulbsibiu.ro\/ccsprise\/lact\/wp-json\/wp\/v2\/tags?post=4883"}],"curies":[{"name":"wp","href":"https:\/\/api.w.org\/{rel}","templated":true}]}}