{"id":4881,"date":"2018-06-06T16:32:04","date_gmt":"2018-06-06T14:32:04","guid":{"rendered":"https:\/\/centers.ulbsibiu.ro\/ccsprise\/lact\/?p=4881"},"modified":"2018-06-06T16:32:04","modified_gmt":"2018-06-06T14:32:04","slug":"deschide-md-omul-lui-dodon-la-tiraspol-arestat-in-timpul-sedintei-sovietului-suprem","status":"publish","type":"post","link":"https:\/\/centers.ulbsibiu.ro\/ccsprise\/lact\/deschide-md-omul-lui-dodon-la-tiraspol-arestat-in-timpul-sedintei-sovietului-suprem\/","title":{"rendered":"Deschide.md &#8211; Omul lui Dodon la Tiraspol, arestat \u00een timpul \u0219edin\u021bei sovietului suprem"},"content":{"rendered":"<p>Deputatul Sovietului Suprem de la Tiraspol, fostul pre\u015fedinte al Partidului Comunist din Transnistria, Oleg Horjan, a fost re\u021binut de c\u0103tre a\u0219a-numitele for\u021be de ordine \u00een timpul \u0219edin\u021bei de ast\u0103zi a sovietului suprem.<\/p>\n<p>Anun\u021bul a fost f\u0103cut de c\u0103tre deputatul sovietului suprem Alexei Safonov.<\/p>\n<p>\u201eAcum c\u00e2teva clipe, deputa\u021bii Sovietului au votat unanim pentru aprobarea cererii procurorilor de a-l trage la r\u0103spundere pe deputatul Sovietului Suprem. Motivul \u2013 \u00eenc\u0103lcarea legisla\u021biei \u00een timpul ac\u021biunii publice din Tiraspol de pe data de 2 iunie\u201d, anun\u021b\u0103 Safonov.<\/p>\n<p>Contactat de c\u0103tre DESCHIDE.MD, consilierul lui Dodon pentru Reintegrare Vasile \u0218ova a declarat: \u201eAutorit\u0103\u021bile R. Moldova sunt obligate s\u0103-\u0219i apere cet\u0103\u021benii, oriunde s-ar afla. Prin urmare, dac\u0103 aceast\u0103 informa\u021bie este adev\u0103rat\u0103, organele responsabile trebuie s\u0103 \u00eentreprind\u0103 toate m\u0103surile necesare pentru a-i asigura respectarea drepturilor, pentru c\u0103 domnul Horjan este cet\u0103\u021bean al R.Moldova\u201d.<\/p>\n<p>Amintim c\u0103 fiul deputatului comunist de la Tiraspol, Oleg Horjan, este arestat pe un termen de 14 zile prin decizia unei instan\u021be din regiunea transnistrean\u0103. Anun\u021bul a fost f\u0103cut ieri, de Horjan senior, \u00een cadrul unei conferin\u021be de pres\u0103, sus\u021binut\u0103 la Chi\u0219in\u0103u.<\/p>\n<p>Horjan a venit la Chi\u0219in\u0103u s\u0103 se pl\u00e2ng\u0103 pe autorit\u0103\u021bile separatiste pe care le sluje\u0219te la Tiraspol. Acesta a men\u021bionat c\u0103, al\u0103turi de fiul s\u0103u de 21 de ani, au mai fost re\u021binute \u0219i alte persoane care \u00eei sunt apropiate. Oleg Horjan este de p\u0103rere c\u0103 represiunile au \u00eenceput dup\u0103 ce, s\u00e2mb\u0103t\u0103, Partidul Comunist Transnistrean &#8211; pe care acesta l-a condus p\u00e2n\u0103 nu demult &#8211; a organizat un protest.<\/p>\n<p>V\u0103 mai amintim c\u0103 anterior Igor Dodon a avut c\u00e2teva \u00eent\u00e2lniri la pre\u0219edin\u021bie cu Oleg Horjan.<\/p>\n<p>Sursa: <a href=\"https:\/\/deschide.md\/ro\/stiri\/politic\/32089\/Omul-lui-Dodon-la-Tiraspol-arestat-\u00een-timpul-\u0219edin\u021bei-sovietului-suprem.htm\">https:\/\/deschide.md\/<\/a><\/p>\n","protected":false},"excerpt":{"rendered":"<p>Deputatul Sovietului Suprem de la Tiraspol, fostul pre\u015fedinte al Partidului Comunist din Transnistria, Oleg Horjan, a fost re\u021binut de c\u0103tre a\u0219a-numitele for\u021be de ordine \u00een timpul \u0219edin\u021bei de ast\u0103zi a sovietului suprem. Anun\u021bul a fost f\u0103cut de c\u0103tre deputatul sovietului suprem Alexei Safonov. \u201eAcum c\u00e2teva clipe, deputa\u021bii Sovietului au votat unanim pentru aprobarea cererii procurorilor&#8230;<\/p>\n","protected":false},"author":2,"featured_media":0,"comment_status":"closed","ping_status":"open","sticky":false,"template":"","format":"standard","meta":[],"categories":[1],"tags":[],"_links":{"self":[{"href":"https:\/\/centers.ulbsibiu.ro\/ccsprise\/lact\/wp-json\/wp\/v2\/posts\/4881"}],"collection":[{"href":"https:\/\/centers.ulbsibiu.ro\/ccsprise\/lact\/wp-json\/wp\/v2\/posts"}],"about":[{"href":"https:\/\/centers.ulbsibiu.ro\/ccsprise\/lact\/wp-json\/wp\/v2\/types\/post"}],"author":[{"embeddable":true,"href":"https:\/\/centers.ulbsibiu.ro\/ccsprise\/lact\/wp-json\/wp\/v2\/users\/2"}],"replies":[{"embeddable":true,"href":"https:\/\/centers.ulbsibiu.ro\/ccsprise\/lact\/wp-json\/wp\/v2\/comments?post=4881"}],"version-history":[{"count":1,"href":"https:\/\/centers.ulbsibiu.ro\/ccsprise\/lact\/wp-json\/wp\/v2\/posts\/4881\/revisions"}],"predecessor-version":[{"id":4882,"href":"https:\/\/centers.ulbsibiu.ro\/ccsprise\/lact\/wp-json\/wp\/v2\/posts\/4881\/revisions\/4882"}],"wp:attachment":[{"href":"https:\/\/centers.ulbsibiu.ro\/ccsprise\/lact\/wp-json\/wp\/v2\/media?parent=4881"}],"wp:term":[{"taxonomy":"category","embeddable":true,"href":"https:\/\/centers.ulbsibiu.ro\/ccsprise\/lact\/wp-json\/wp\/v2\/categories?post=4881"},{"taxonomy":"post_tag","embeddable":true,"href":"https:\/\/centers.ulbsibiu.ro\/ccsprise\/lact\/wp-json\/wp\/v2\/tags?post=4881"}],"curies":[{"name":"wp","href":"https:\/\/api.w.org\/{rel}","templated":true}]}}