{"id":4879,"date":"2018-06-06T16:19:33","date_gmt":"2018-06-06T14:19:33","guid":{"rendered":"https:\/\/centers.ulbsibiu.ro\/ccsprise\/lact\/?p=4879"},"modified":"2020-06-12T12:45:55","modified_gmt":"2020-06-12T10:45:55","slug":"europalibera-org-peter-michalko-este-nevoie-de-deschiderea-spre-compromisuri","status":"publish","type":"post","link":"https:\/\/centers.ulbsibiu.ro\/ccsprise\/lact\/europalibera-org-peter-michalko-este-nevoie-de-deschiderea-spre-compromisuri\/","title":{"rendered":"Europalibera.org &#8211; Peter Michalko: \u201eEste nevoie de deschiderea spre compromisuri\u201d"},"content":{"rendered":"<ul class=\"links__list links__list--column\">\n<li class=\"links__item\"><a class=\"links__item-link\" title=\"Lina Gr\u00e2u\" href=\"https:\/\/www.europalibera.org\/author\/22344.html\">Lina Gr\u00e2u<\/a><\/li>\n<\/ul>\n<div class=\"intro content-offset\">\n<p>Interviu cu \u015feful Delega\u021biei Uniunii Europene la Chi\u015fin\u0103u despre procesul de reglementare transnistrean\u0103.<\/p>\n<\/div>\n<div id=\"article-content\" class=\"content-floated-wrap fb-quotable\">\n<div class=\"wsw\">\n<p><em>Ambasadorul Uniunii Europene la Chi\u015fin\u0103u, Peter Michalko, salut\u0103 progresele \u00eenregistrate \u00een reglementarea transnistrean\u0103, precum \u0219i rezultatele recentei reuniuni \u00een formatul 5+2 de la Roma. Acesta declar\u0103, \u00eentr-un interviu acordat \u00een exclusivitate Europei Libere, c\u0103 rezultatele acestor negocieri, chiar dac\u0103 criticate de unele voci din societatea moldoveneasc\u0103, sunt \u00een avantajul oamenilor de r\u00e2nd de pe cele dou\u0103 maluri ale Nistrului \u0219i vor aduce beneficii pe termen lung.<\/em><\/p>\n<p><strong>Europa Liber\u0103: Domnule ambasador Peter Michalko, s\u0103pt\u0103m\u00e2na trecut\u0103 a avut loc runda de negocieri oficiale \u00een formatul 5+2 la Roma, este prima \u00eent\u00e2lnire de acest fel \u00een acest an. La Roma au fost voci foarte optimiste, care spuneau c\u0103 lucrurile se mi\u0219c\u0103 \u00een direc\u021bia cea bun\u0103. Percep\u021bia dumneavoastr\u0103 care este?<\/strong><\/p>\n<p><strong>Peter Michalko: <\/strong>\u201e\u0218i de partea mea percep\u021bia este aceea\u0219i, c\u0103 progresul are loc. \u0218i a\u0219 vrea s\u0103 felicit \u0219i pre\u0219edin\u021bia italian\u0103 a OSCE cu acest progres \u00eenregistrat, la fel ca \u0219i p\u0103r\u021bile \u0219i participan\u021bii la \u00eent\u00e2lnirea 5+2 care a avut loc la Roma. Aceasta, pe de o parte, a confirmat progresul \u00een \u00eendeplinirea acelor puncte \u00een care lucrurile au mers \u00eenainte \u0219i a dat \u0219i perspectiva pentru \u00eendeplinirea altor puncte din <em>lista Berlin plus<\/em> pentru viitor. Cred c\u0103 aceast\u0103 mi\u0219care pozitiv\u0103 pe care o \u00eenregistr\u0103m trebuie s\u0103 fie aplaudat\u0103, trebuie s\u0103 fie v\u0103zut\u0103 pozitiv. \u0218i este, \u00een mare parte, \u0219i datorit\u0103 eforturilor Chi\u0219in\u0103ului \u0219i a guvern\u0103rii de la Chi\u0219in\u0103u faptul c\u0103 acest progres a fost \u00eenregistrat. Sper\u0103m c\u0103 acest progres va continua \u0219i \u00eendeplinirea acelor puncte care au fost incluse \u0219i \u00een protocolul de la Roma va continua. Procesul exist\u0103, se mi\u0219c\u0103 \u00eenainte, sigur c\u0103 cu perspectiva de a ne aduce mai aproape de reglementarea conflictului transnistrean.\u201d<\/p>\n<p><strong>Europa Liber\u0103: \u00cen societatea moldoveneasc\u0103 \u0219ti\u021bi c\u0103 exist\u0103 \u0219i voci destul de critice \u00een raport cu ce se \u00eent\u00e2mpl\u0103 acum cu reglementarea transnistrean\u0103. \u00cen special \u00een zona societ\u0103\u021bii civile o parte din ONG-uri vorbesc despre linii ro\u0219ii, despre ced\u0103ri unilaterale din partea Chi\u0219in\u0103ului \u0219i despre pa\u0219i c\u0103tre o de facto federalizare \u2013 c\u00e2nd vine vorba despre pl\u0103cu\u021bele de \u00eenmatriculare, apostolarea diplomelor \u0219i a\u0219a mai departe. Dumneavoastr\u0103 unde vede\u021bi punctul de echilibru \u00eentre acest progres, care este dorit \u00een reglementarea transnistrean\u0103, \u0219i punctul \u00een care Republica Moldova risc\u0103 s\u0103 cedeze din suveranitate?<\/strong><\/p>\n<p><strong>Peter Michalko: <\/strong>\u201eEu nu v\u0103d niciun risc \u00een ceea ce prive\u0219te suveranitatea Republicii Moldova c\u00e2nd m\u0103 uit la acest progres care a fost \u00eenregistrat. <em>Lista Berlin plus<\/em> a fost agreat\u0103 deja cu doi ani \u00een urm\u0103, progresul bazat pe aceast\u0103 list\u0103 a fost \u00eenregistrat anul trecut \u0219i \u00eel vedem \u0219i anul acesta. \u0218i ce este important este c\u0103, \u00een paralel, exist\u0103 \u0219i a fost confirmat\u0103 formula, inclusiv la nivelul mini\u0219trilor \u021b\u0103rilor membre a OSCE, pentru rezolvarea conflictului transnistrean, formul\u0103 care confirm\u0103 c\u0103 aceast\u0103 rezolvare va avea loc pe baza suveranit\u0103\u021bii \u0219i integrit\u0103\u021bii teritoriale Republicii Moldova, cu statut special pentru Transnistria.<\/p>\n<p>Interviul integral:\u00a0<a href=\"https:\/\/www.europalibera.org\/a\/peter-michalko-despre-negocieri-5-plus-2-reglementarea-conflictului-transnistrean\/29270847.html\">https:\/\/www.europalibera.org\/<\/a><\/p>\n<\/div>\n<\/div>\n","protected":false},"excerpt":{"rendered":"<p>Lina Gr\u00e2u Interviu cu \u015feful Delega\u021biei Uniunii Europene la Chi\u015fin\u0103u despre procesul de reglementare transnistrean\u0103. Ambasadorul Uniunii Europene la Chi\u015fin\u0103u, Peter Michalko, salut\u0103 progresele \u00eenregistrate \u00een reglementarea transnistrean\u0103, precum \u0219i rezultatele recentei reuniuni \u00een formatul 5+2 de la Roma. Acesta declar\u0103, \u00eentr-un interviu acordat \u00een exclusivitate Europei Libere, c\u0103 rezultatele acestor negocieri, chiar dac\u0103 criticate&#8230;<\/p>\n","protected":false},"author":2,"featured_media":0,"comment_status":"closed","ping_status":"open","sticky":false,"template":"","format":"standard","meta":[],"categories":[1],"tags":[],"_links":{"self":[{"href":"https:\/\/centers.ulbsibiu.ro\/ccsprise\/lact\/wp-json\/wp\/v2\/posts\/4879"}],"collection":[{"href":"https:\/\/centers.ulbsibiu.ro\/ccsprise\/lact\/wp-json\/wp\/v2\/posts"}],"about":[{"href":"https:\/\/centers.ulbsibiu.ro\/ccsprise\/lact\/wp-json\/wp\/v2\/types\/post"}],"author":[{"embeddable":true,"href":"https:\/\/centers.ulbsibiu.ro\/ccsprise\/lact\/wp-json\/wp\/v2\/users\/2"}],"replies":[{"embeddable":true,"href":"https:\/\/centers.ulbsibiu.ro\/ccsprise\/lact\/wp-json\/wp\/v2\/comments?post=4879"}],"version-history":[{"count":1,"href":"https:\/\/centers.ulbsibiu.ro\/ccsprise\/lact\/wp-json\/wp\/v2\/posts\/4879\/revisions"}],"predecessor-version":[{"id":4880,"href":"https:\/\/centers.ulbsibiu.ro\/ccsprise\/lact\/wp-json\/wp\/v2\/posts\/4879\/revisions\/4880"}],"wp:attachment":[{"href":"https:\/\/centers.ulbsibiu.ro\/ccsprise\/lact\/wp-json\/wp\/v2\/media?parent=4879"}],"wp:term":[{"taxonomy":"category","embeddable":true,"href":"https:\/\/centers.ulbsibiu.ro\/ccsprise\/lact\/wp-json\/wp\/v2\/categories?post=4879"},{"taxonomy":"post_tag","embeddable":true,"href":"https:\/\/centers.ulbsibiu.ro\/ccsprise\/lact\/wp-json\/wp\/v2\/tags?post=4879"}],"curies":[{"name":"wp","href":"https:\/\/api.w.org\/{rel}","templated":true}]}}