{"id":4877,"date":"2018-06-06T16:11:13","date_gmt":"2018-06-06T14:11:13","guid":{"rendered":"https:\/\/centers.ulbsibiu.ro\/ccsprise\/lact\/?p=4877"},"modified":"2018-06-06T16:11:13","modified_gmt":"2018-06-06T14:11:13","slug":"gov-md-problema-reglementarii-transnistrene-si-politicile-de-reintegrare-din-republica-moldova-discutate-la-secretariatul-osce-de-la-viena","status":"publish","type":"post","link":"https:\/\/centers.ulbsibiu.ro\/ccsprise\/lact\/gov-md-problema-reglementarii-transnistrene-si-politicile-de-reintegrare-din-republica-moldova-discutate-la-secretariatul-osce-de-la-viena\/","title":{"rendered":"Gov.md &#8211; Problema reglement\u0103rii transnistrene \u0219i politicile de reintegrare din Republica Moldova discutate la Secretariatul OSCE de la Viena"},"content":{"rendered":"<p>La 5\u00a0iunie\u00a0curent, Viceprim-ministrul pentru Reintegrare, Cristina Lesnic, s-a \u00eent\u00e2lnit cu Directorul Centrului pentru Prevenirea Conflictelor, Ambasadorul Marcel Pesko, \u00een incinta Secretariatului OSCE la Viena.<\/p>\n<p>\u00cen contextul recentei runde de negocieri \u00een formatul \u201d5+2\u201d de la Roma pentru solu\u021bionarea conflictului transnistrean interlocutorii au abordat situa\u021bia curent\u0103 \u00een cadrul procesului de reglementare. Ambasadorul Marcel Pesko a subliniat c\u0103 evolu\u021biile pozitive sunt importante pentru continuarea procesului.<\/p>\n<p>Oficialul moldovean a reiterat valoarea cooper\u0103rii autorit\u0103\u021bilor na\u021bionale cu OSCE \u00een ceea ce prive\u0219te facilitarea procesului de negocieri. De asemenea, Viceprim-ministru Cristina Lesnic a comunicat despre activit\u0103\u021bile \u00eentreprinse la nivel na\u021bional \u00een vederea implement\u0103rii politicilor de reintegrare. \u00cen aceea\u0219i ordine de idei, a fost reconfirmat angajamentul autorit\u0103\u021bilor na\u021bionale privind men\u0163inerea abord\u0103rii constructive, precum \u015fi necesitatea suportului partenerilor \u015fi organiza\u0163iilor interna\u0163ionale.<\/p>\n<p>Cu referire la aspectele de securitate Viceprim-ministrul pentru Reintegrare a reiterat necesitatea de a continua eforturile comune cu Centrul pentru Prevenirea Conflictelor \u0219i Misiunea OSCE din Moldova, \u00eendreptate spre asigurarea securit\u0103\u021bii \u0219i stabilit\u0103\u021bii \u00een regiunea de conflict.<\/p>\n<p>Sursa:\u00a0<a href=\"https:\/\/gov.md\/ro\/content\/problema-reglementarii-transnistrene-si-politicile-de-reintegrare-din-republica-moldova\">https:\/\/gov.md\/<\/a><\/p>\n","protected":false},"excerpt":{"rendered":"<p>La 5\u00a0iunie\u00a0curent, Viceprim-ministrul pentru Reintegrare, Cristina Lesnic, s-a \u00eent\u00e2lnit cu Directorul Centrului pentru Prevenirea Conflictelor, Ambasadorul Marcel Pesko, \u00een incinta Secretariatului OSCE la Viena. \u00cen contextul recentei runde de negocieri \u00een formatul \u201d5+2\u201d de la Roma pentru solu\u021bionarea conflictului transnistrean interlocutorii au abordat situa\u021bia curent\u0103 \u00een cadrul procesului de reglementare. Ambasadorul Marcel Pesko a subliniat&#8230;<\/p>\n","protected":false},"author":2,"featured_media":0,"comment_status":"closed","ping_status":"open","sticky":false,"template":"","format":"standard","meta":[],"categories":[1],"tags":[],"_links":{"self":[{"href":"https:\/\/centers.ulbsibiu.ro\/ccsprise\/lact\/wp-json\/wp\/v2\/posts\/4877"}],"collection":[{"href":"https:\/\/centers.ulbsibiu.ro\/ccsprise\/lact\/wp-json\/wp\/v2\/posts"}],"about":[{"href":"https:\/\/centers.ulbsibiu.ro\/ccsprise\/lact\/wp-json\/wp\/v2\/types\/post"}],"author":[{"embeddable":true,"href":"https:\/\/centers.ulbsibiu.ro\/ccsprise\/lact\/wp-json\/wp\/v2\/users\/2"}],"replies":[{"embeddable":true,"href":"https:\/\/centers.ulbsibiu.ro\/ccsprise\/lact\/wp-json\/wp\/v2\/comments?post=4877"}],"version-history":[{"count":1,"href":"https:\/\/centers.ulbsibiu.ro\/ccsprise\/lact\/wp-json\/wp\/v2\/posts\/4877\/revisions"}],"predecessor-version":[{"id":4878,"href":"https:\/\/centers.ulbsibiu.ro\/ccsprise\/lact\/wp-json\/wp\/v2\/posts\/4877\/revisions\/4878"}],"wp:attachment":[{"href":"https:\/\/centers.ulbsibiu.ro\/ccsprise\/lact\/wp-json\/wp\/v2\/media?parent=4877"}],"wp:term":[{"taxonomy":"category","embeddable":true,"href":"https:\/\/centers.ulbsibiu.ro\/ccsprise\/lact\/wp-json\/wp\/v2\/categories?post=4877"},{"taxonomy":"post_tag","embeddable":true,"href":"https:\/\/centers.ulbsibiu.ro\/ccsprise\/lact\/wp-json\/wp\/v2\/tags?post=4877"}],"curies":[{"name":"wp","href":"https:\/\/api.w.org\/{rel}","templated":true}]}}