{"id":4872,"date":"2018-06-02T16:52:05","date_gmt":"2018-06-02T14:52:05","guid":{"rendered":"https:\/\/centers.ulbsibiu.ro\/ccsprise\/lact\/?p=4872"},"modified":"2020-06-12T15:32:36","modified_gmt":"2020-06-12T13:32:36","slug":"deschide-md-cristina-lesnic-la-roma-tiraspolul-a-incercat-sa-foloseasca-nesincer-platforma-de-negocieri-52","status":"publish","type":"post","link":"https:\/\/centers.ulbsibiu.ro\/ccsprise\/lact\/deschide-md-cristina-lesnic-la-roma-tiraspolul-a-incercat-sa-foloseasca-nesincer-platforma-de-negocieri-52\/","title":{"rendered":"Deschide.md &#8211; Cristina Lesnic: La Roma, Tiraspolul a \u00eencercat s\u0103 foloseasc\u0103 nesincer platforma de negocieri \u201e5+2\u201d"},"content":{"rendered":"<p>Author: Vasile Cojocari<\/p>\n<p>Tiraspol a \u00eencercat s\u0103 foloseasc\u0103 \u201enesincer\u201d platforma de negocieri \u00een formatul \u201e5+2\u201d la \u0219edin\u021ba de la Roma, urm\u0103rind semnarea de c\u0103tre p\u0103r\u021bi a unui document unilateral care presupunea termeni \u0219i angajamente suplimentare, afirm\u0103 Vicepremierul pentru Reintegrare Cristina Lesnic, \u00eentr-un interviu acordat \u00een exclusivitate pentru DESCHIDE.MD.<\/p>\n<p>\u2014 Ce aduce nou \u00een procesul de reglementare \u0219edin\u021ba \u00een formatul \u201e5+2\u201d de la Roma?<\/p>\n<p>\u2014 Am promovat nemijlocit interesele popula\u021biei, de exemplu posesia \u0219i folosirea terenurilor agricole, deoarece pentru noi nu este suficient\u0103 doar eliberarea certificatelor corespunz\u0103toare, ci \u0219i partea care urmeaz\u0103, adic\u0103 felul \u00een care fermierii no\u015ftri vor putea s\u0103-\u015fi lucreze p\u0103m\u00e2nturile \u015fi s\u0103 le recolteze. Abia dup\u0103 vom putea considera satisf\u0103cute interesele acelor oameni. Al doilea element important al discu\u021biei a vizat \u015fcolile cu predare \u00een limba rom\u00e2n\u0103 din st\u00e2nga Nistrului. Chiar dac\u0103 s-a spus c\u0103 lucrurile au fost deja puse la punct (m\u0103 refer la contractele semnate), notific\u0103rile pe care le primim de la elevi \u0219i profesori \u0219i alte aspecte de pe acest subiect necesit\u0103 continuitate. Elevii \u0219i profesorii trebuie s\u0103 poat\u0103 circula liber, f\u0103r\u0103 bariere \u0219i controale la posturile vamale, f\u0103r\u0103 sta\u021bion\u0103ri neregulamentare. Am discutat \u0219i despre podul dintre localit\u0103\u021bile Gura B\u00e2cului \u0219i B\u00e2cioc. Se \u015ftie c\u0103 podul se afl\u0103 \u00een Zona de Securitate. Av\u00e2nd \u00een vederea situa\u0163ia din regiune \u015fi amplasarea acestui pod, regimul s\u0103u de func\u0163ionare trebuie s\u0103 coincid\u0103 cu regulile prev\u0103zute \u00een Acordul din 1992. Nicio construc\u021bie \u00een Zona de Securitate sau \u00een zonele adiacente acestui pod nu poate fi ridicat\u0103 f\u0103r\u0103 o decizie luat\u0103 \u00een consens de Comisia Unificat\u0103 de Control. Ei, bine, la acest consens nu s-a ajuns \u0219i noi am f\u0103cut public faptul \u00een \u015fedin\u0163a de la Roma, fiindc\u0103 am vrut s\u0103 se \u015ftie c\u0103 exist\u0103 astfel de probleme.<\/p>\n<p>\u2014 Ce replic\u0103 a avut Tiraspolul c\u00e2nd a\u0163i pus problema \u201eterminalelor vamale\u201d de la podul Gura B\u00e2cului-B\u00e2cioc la \u0219edin\u021ba \u201e5+2\u201d?<\/p>\n<p>\u2014 Ei au invocat faptul c\u0103 aceste lucruri se discut\u0103 la Comisia Unificat\u0103 de Control, iar mandatul formatului \u201e5+2\u201d nu este s\u0103 discute nemijlocit despre securitate. Partea moldoveneasc\u0103, la Comisia Unificat\u0103 de Control, insist\u0103 ca libera circula\u021bie s\u0103 nu fie obstruc\u021bionat\u0103 \u00een niciun fel, a\u0219a cum prevede Acordul din 1992.<\/p>\n<p>\u2014 \u00cen conferin\u0163a de pres\u0103 care a urmat \u015fedin\u0163ei, referindu-v\u0103 la negocieri \u015fi implementarea protocoalelor semnate la finele anului trecut, c\u0103 \u201eexist\u0103 loc de mai bine\u201d. Ce a\u0163i avut \u00een vedere?<\/p>\n<p>\u2014 Formatul \u201e5+2\u201d trebuie respectat, m\u0103 refer la principii \u0219i proceduri. Atunci c\u00e2nd cineva, \u00een cadrul \u0219edin\u021bei, \u00eencearc\u0103 s\u0103 \u00eenainteze alte documente, cu caracter unilateral, a\u0219a cum zicea \u0219i Franco Frattini, e o lips\u0103 de respect, nu pot fi acceptate, pentru c\u0103 se creeaz\u0103 o inegalitate de arme c\u00e2nd p\u0103r\u021bile se afl\u0103 \u00een proces de negocieri. Noi nu vom admite ca documente depuse exact \u00eenainte de \u0219edin\u021b\u0103 s\u0103 fie promovate sau, cel pu\u021bin, s\u0103 fie incluse \u00een procesul-verbal, pentru a condi\u021biona anumite angajamente.<\/p>\n<p>\u2014 Despre ce documente e vorba \u015fi cine le-a prezentat?<\/p>\n<p>\u2014 Era vorba de ni\u015fte angajamente suplimentare ce vizau anumite garan\u0163ii, prezentate de partea transnistrean\u0103. Nu le puteam accepta. Transnistrenii au \u00eencercat s\u0103 foloseasc\u0103 nesincer aceast\u0103 platform\u0103. Este foarte clar stabilit: cu dou\u0103 s\u0103pt\u0103m\u00e2ni \u00eenainte de \u0219edin\u021b\u0103, conform regulamentului, p\u0103r\u021bile sunt \u00een drept s\u0103 \u00eenainteze propuneri cu privire la formarea agendei. Or\u00a0 partea transnistrean\u0103 nu a \u00eenaitat astfel de solicit\u0103ri. Evident, nu puteam admite ca lucruri stabilite ad-hoc s\u0103 exercite presiuni asupra p\u0103r\u0163ii moldovene\u015fti sau s\u0103-i impun\u0103 angajamente suplimentare.<\/p>\n<p>\u2014 Apropo de punctele comune moldo-ucrainene pe segmentul transnistrean al frontierei. Separati\u015ftii au declarat c\u0103 vor pune problema \u00een cadrul \u015fedin\u0163ei de la Roma. Ce-au cerut, de fapt?<\/p>\n<p>\u2014 Ei au \u00eencercat s\u0103 adunc\u0103 la cuno\u0219tin\u021b\u0103 partenerilor din formatul \u201e5+2\u201d c\u0103 subiectul controlului comun provoac\u0103 \u0219i condi\u021bioneaz\u0103 anumite dificult\u0103\u021bi pe anumite categorii de oameni din st\u00e2nga Nistrului, precum \u0219i faptul c\u0103 nu exist\u0103 un mecanism potrivit pentru discu\u021bii. Astfel de tentative au fost \u0219i anterior, \u00een \u0219edin\u021bele grupurilor de lucru. Au spus c\u0103 trebuie s\u0103 discut\u0103m problema controlului comun \u0219i nivelul s\u0103u de implementare. Noi am afirmat explicit c\u0103 subiectul controlului comun este un angajament \u00eentre Chi\u0219in\u0103u \u0219i Kiev, c\u0103 nu avem frontier\u0103 \u00eentre Chi\u0219in\u0103u \u0219i Tiraspol \u0219i, respectiv, astfel de subiecte nu pot fi puse pe agenda solu\u021bion\u0103rii conflictului transnistrean. Deci am ignorat discutarea subiectului punctelor comune. Noi discut\u0103m subiecte actuale pentru via\u021ba popula\u021biei, dar nu chestiuni ce \u021bin de eficien\u021ba controlului comun \u0219i \u00eencerc\u0103rile de a bloca ini\u021biativa Chi\u0219in\u0103ului, menit\u0103 s\u0103 consolideze frontiera \u0219i s\u0103 lichideze problemele cu privire la contraband\u0103, criminalitate etc.<\/p>\n<p>Interviul complet:\u00a0<a href=\"https:\/\/deschide.md\/ro\/stiri\/interviu\/31880\/INTERVIU--Cristina-Lesnic-La-Roma-Tiraspolul-a-\u00eencercat-s\u0103-foloseasc\u0103-nesincer-platforma-de-negocieri-\u201e52\u201d.htm\">https:\/\/deschide.md\/<\/a><\/p>\n","protected":false},"excerpt":{"rendered":"<p>Author: Vasile Cojocari Tiraspol a \u00eencercat s\u0103 foloseasc\u0103 \u201enesincer\u201d platforma de negocieri \u00een formatul \u201e5+2\u201d la \u0219edin\u021ba de la Roma, urm\u0103rind semnarea de c\u0103tre p\u0103r\u021bi a unui document unilateral care presupunea termeni \u0219i angajamente suplimentare, afirm\u0103 Vicepremierul pentru Reintegrare Cristina Lesnic, \u00eentr-un interviu acordat \u00een exclusivitate pentru DESCHIDE.MD. \u2014 Ce aduce nou \u00een procesul de&#8230;<\/p>\n","protected":false},"author":2,"featured_media":0,"comment_status":"closed","ping_status":"open","sticky":false,"template":"","format":"standard","meta":[],"categories":[1],"tags":[],"_links":{"self":[{"href":"https:\/\/centers.ulbsibiu.ro\/ccsprise\/lact\/wp-json\/wp\/v2\/posts\/4872"}],"collection":[{"href":"https:\/\/centers.ulbsibiu.ro\/ccsprise\/lact\/wp-json\/wp\/v2\/posts"}],"about":[{"href":"https:\/\/centers.ulbsibiu.ro\/ccsprise\/lact\/wp-json\/wp\/v2\/types\/post"}],"author":[{"embeddable":true,"href":"https:\/\/centers.ulbsibiu.ro\/ccsprise\/lact\/wp-json\/wp\/v2\/users\/2"}],"replies":[{"embeddable":true,"href":"https:\/\/centers.ulbsibiu.ro\/ccsprise\/lact\/wp-json\/wp\/v2\/comments?post=4872"}],"version-history":[{"count":1,"href":"https:\/\/centers.ulbsibiu.ro\/ccsprise\/lact\/wp-json\/wp\/v2\/posts\/4872\/revisions"}],"predecessor-version":[{"id":4873,"href":"https:\/\/centers.ulbsibiu.ro\/ccsprise\/lact\/wp-json\/wp\/v2\/posts\/4872\/revisions\/4873"}],"wp:attachment":[{"href":"https:\/\/centers.ulbsibiu.ro\/ccsprise\/lact\/wp-json\/wp\/v2\/media?parent=4872"}],"wp:term":[{"taxonomy":"category","embeddable":true,"href":"https:\/\/centers.ulbsibiu.ro\/ccsprise\/lact\/wp-json\/wp\/v2\/categories?post=4872"},{"taxonomy":"post_tag","embeddable":true,"href":"https:\/\/centers.ulbsibiu.ro\/ccsprise\/lact\/wp-json\/wp\/v2\/tags?post=4872"}],"curies":[{"name":"wp","href":"https:\/\/api.w.org\/{rel}","templated":true}]}}