{"id":4870,"date":"2018-06-02T16:43:32","date_gmt":"2018-06-02T14:43:32","guid":{"rendered":"https:\/\/centers.ulbsibiu.ro\/ccsprise\/lact\/?p=4870"},"modified":"2018-06-02T16:43:32","modified_gmt":"2018-06-02T14:43:32","slug":"ziarulnational-md-chisinaul-condamna-decizia-siriei-privind-recunoasterea-independentei-abhaziei-si-osetiei-de-sud-r-moldova-sprijina-suveranitatea-si-integritatea-terit","status":"publish","type":"post","link":"https:\/\/centers.ulbsibiu.ro\/ccsprise\/lact\/ziarulnational-md-chisinaul-condamna-decizia-siriei-privind-recunoasterea-independentei-abhaziei-si-osetiei-de-sud-r-moldova-sprijina-suveranitatea-si-integritatea-terit\/","title":{"rendered":"Ziarulnational.md &#8211; Chi\u0219in\u0103ul CONDAMN\u0102 decizia Siriei privind recunoa\u0219terea \u201eindependen\u021bei\u201d Abhaziei \u0219i Osetiei de Sud: \u201eR. Moldova sprijin\u0103 suveranitatea \u0219i integritatea teritorial\u0103 a Georgiei\u201d"},"content":{"rendered":"<p>Republica Moldova condamn\u0103 decizia regimului din Siria privind recunoa\u0219terea \u201eindependen\u021bei\u201d regiunilor secesioniste Abhazia \u0219i Osetia de Sud, consider\u00e2nd-o drept una nelegitim\u0103 \u0219i contrar\u0103 dreptului interna\u021bional.<\/p>\n<p>Ministerul Afacerilor Externe \u0219i Integr\u0103rii Europene arat\u0103 \u00eentr-un comunicat c\u0103 Republica Moldova confirm\u0103 sprijinul sau ferm pentru suveranitatea \u0219i integritatea teritorial\u0103 a Georgiei \u00een cadrul frontierelor recunoscute la nivel interna\u021bional, precum \u0219i reglementarea pa\u0219nic\u0103 a conflictelor de pe teritoriul statului georgian.<\/p>\n<p>Men\u021bion\u0103m c\u0103 Georgia a \u00eenceput procedurile de \u00eencetare a rela\u021biilor diplomatice cu Siria, dup\u0103 anun\u021barea acestei decizii \u201eca urmare a manipul\u0103rii din partea Rusiei\u201d.<\/p>\n<p>P\u00e2n\u0103 \u00een prezent, doar Rusia, Venezuela, Nicaragua \u0219i Nauru au recunoscut independen\u021ba celor dou\u0103 republici autoproclamate \u2013 Osetia de Sud \u0219i Abhazia.<\/p>\n<p>Georgia a \u00eentrerupt rela\u021biile diplomatice cu Rusia dup\u0103 agresiunea militar\u0103 ruseasc\u0103 din august 2008, exact dup\u0103 scenariul aplicat \u00een Transnistria \u00een 1992.<\/p>\n<p>Sursa:\u00a0<a href=\"http:\/\/www.ziarulnational.md\/chisinaul-condamna-decizia-siriei-privind-recunoasterea-independentei-abhaziei-si-osetiei-de-sud-r-moldova-sprijina-suveranitatea-si-integritatea-teritoriala-a-georgiei\/\">http:\/\/www.ziarulnational.md\/<\/a><\/p>\n","protected":false},"excerpt":{"rendered":"<p>Republica Moldova condamn\u0103 decizia regimului din Siria privind recunoa\u0219terea \u201eindependen\u021bei\u201d regiunilor secesioniste Abhazia \u0219i Osetia de Sud, consider\u00e2nd-o drept una nelegitim\u0103 \u0219i contrar\u0103 dreptului interna\u021bional. Ministerul Afacerilor Externe \u0219i Integr\u0103rii Europene arat\u0103 \u00eentr-un comunicat c\u0103 Republica Moldova confirm\u0103 sprijinul sau ferm pentru suveranitatea \u0219i integritatea teritorial\u0103 a Georgiei \u00een cadrul frontierelor recunoscute la nivel interna\u021bional,&#8230;<\/p>\n","protected":false},"author":2,"featured_media":0,"comment_status":"closed","ping_status":"open","sticky":false,"template":"","format":"standard","meta":[],"categories":[1],"tags":[],"_links":{"self":[{"href":"https:\/\/centers.ulbsibiu.ro\/ccsprise\/lact\/wp-json\/wp\/v2\/posts\/4870"}],"collection":[{"href":"https:\/\/centers.ulbsibiu.ro\/ccsprise\/lact\/wp-json\/wp\/v2\/posts"}],"about":[{"href":"https:\/\/centers.ulbsibiu.ro\/ccsprise\/lact\/wp-json\/wp\/v2\/types\/post"}],"author":[{"embeddable":true,"href":"https:\/\/centers.ulbsibiu.ro\/ccsprise\/lact\/wp-json\/wp\/v2\/users\/2"}],"replies":[{"embeddable":true,"href":"https:\/\/centers.ulbsibiu.ro\/ccsprise\/lact\/wp-json\/wp\/v2\/comments?post=4870"}],"version-history":[{"count":1,"href":"https:\/\/centers.ulbsibiu.ro\/ccsprise\/lact\/wp-json\/wp\/v2\/posts\/4870\/revisions"}],"predecessor-version":[{"id":4871,"href":"https:\/\/centers.ulbsibiu.ro\/ccsprise\/lact\/wp-json\/wp\/v2\/posts\/4870\/revisions\/4871"}],"wp:attachment":[{"href":"https:\/\/centers.ulbsibiu.ro\/ccsprise\/lact\/wp-json\/wp\/v2\/media?parent=4870"}],"wp:term":[{"taxonomy":"category","embeddable":true,"href":"https:\/\/centers.ulbsibiu.ro\/ccsprise\/lact\/wp-json\/wp\/v2\/categories?post=4870"},{"taxonomy":"post_tag","embeddable":true,"href":"https:\/\/centers.ulbsibiu.ro\/ccsprise\/lact\/wp-json\/wp\/v2\/tags?post=4870"}],"curies":[{"name":"wp","href":"https:\/\/api.w.org\/{rel}","templated":true}]}}