{"id":4866,"date":"2018-05-31T19:43:02","date_gmt":"2018-05-31T17:43:02","guid":{"rendered":"https:\/\/centers.ulbsibiu.ro\/ccsprise\/lact\/?p=4866"},"modified":"2018-05-31T19:43:02","modified_gmt":"2018-05-31T17:43:02","slug":"infotag-md-presedintele-igor-dodon-s-a-pronuntat-pentru-stabilirea-unui-dialog-deschis-cu-transnistria","status":"publish","type":"post","link":"https:\/\/centers.ulbsibiu.ro\/ccsprise\/lact\/infotag-md-presedintele-igor-dodon-s-a-pronuntat-pentru-stabilirea-unui-dialog-deschis-cu-transnistria\/","title":{"rendered":"Infotag.md &#8211; PRE\u015eEDINTELE IGOR DODON S-A PRONUN\u0162AT PENTRU STABILIREA UNUI DIALOG DESCHIS CU TRANSNISTRIA"},"content":{"rendered":"<p>Pre\u015fedintele Moldovei, Igor Dodon, consider\u0103 c\u0103 stabilirea unui dialog deschis cu Transnistria este cheia solu\u0163ion\u0103rii conflictului transnistrean. Potrivit agen\u0163iei INFOTAG, despre aceasta el a scris pe pagina sa de facebook, coment\u00e2nd rezultatele \u00eentrevederii \u00een formatul \u201e5+2\u201d, care a avut loc pe data de 29-30 mai la Roma.<\/p>\n<p>\u201eSunt convins c\u0103 stabilirea unui dialog deschis cu Transnistria reprezint\u0103 o garan\u0163ie a ob\u021binerii unor \u00een\u0163elegeri de viitor, care vor contribui la consolidarea stabilit\u0103\u0163ii \u015fi a perspectivelor reglement\u0103rii definitive a acestui conflict de durat\u0103\u201d, a subliniat Dodon.<\/p>\n<p>El a exprimat \u201erecuno\u015ftin\u0163\u0103 \u015fi sprijin partenerilor \u00een promovarea procesului de solu\u021bionare a diferendului transnistrean, inclusiv prin intermediul ob\u021binerii unor \u00een\u0163elegeri \u00een interesul cet\u0103\u0163enilor de r\u00e2nd\u201d.<\/p>\n<p>\u201eVreau s\u0103 v\u0103 asigur c\u0103 vom continua \u015fi pe viitor s\u0103 depunem eforturi \u00een vederea promov\u0103rii \u00een\u021belegerilor la care s-a ajuns. Dar, deja ast\u0103zi este nevoie s\u0103 chibzuim pa\u015fii \u015fi direc\u0163iile de mai departe pentru a asigura evolu\u0163ia acestui proces. \u00cen acest context, este necesar\u0103 sus\u0163inerea, pe diferite platforme, a dialogului direct pe diverse probleme \u00eentre reprezentan\u0163ii Chi\u015fin\u0103ului \u015fi Tiraspolului\u201d, a declarat Dodon.<\/p>\n<p>El a mul\u0163umit \u015fi \u201epartenerilor str\u0103ini, participan\u0163ilor, mediatorilor \u015fi observatorilor \u00een procesul de negocieri, precum \u015fi pre\u015fedin\u0163iei italiene \u00een persoana domnului Franco Frattini pentru eforturile pe care le depun \u00een vederea apropierii pozi\u0163iilor \u015fi identific\u0103rii solu\u0163iilor de compromis \u00een probleme ce au o importan\u0163\u0103 major\u0103 pentru locuitorii de pe ambele maluri ale Nistrului\u201d.<\/p>\n<p>Dup\u0103 cum a informat anterior INFOTAG, la finele rundei de negocieri, a fost semnat \u201eProtocolul de la Roma\u201d, \u00een care Chi\u0219in\u0103ul \u0219i Tiraspolul au reiterat angajamentul de a \u00eendeplini documentele semnate anterior, precum \u0219i de a solu\u0163iona toate problemele exclusiv la masa de negocieri.<\/p>\n<p>\u00cen acela\u0219i timp, acum dou\u0103 s\u0103pt\u0103m\u00e2ni, liderul Transnistriei, Vadim Krasnoselski, a declarat c\u0103 \u201eTransnistria nu are dreptul s\u0103 discute vreun statut \u00een componen\u021ba Moldovei, deoarece Transnistria urmeaz\u0103 un curs clar de independen\u021b\u0103, recunoa\u0219tere \u0219i aderarea ulterioar\u0103 la Federa\u021bia Rus\u0103\u201d.<\/p>\n<p>Sursa:\u00a0<a href=\"http:\/\/www.infotag.md\/politics-ro\/263593\/\">http:\/\/www.infotag.md\/<\/a><\/p>\n","protected":false},"excerpt":{"rendered":"<p>Pre\u015fedintele Moldovei, Igor Dodon, consider\u0103 c\u0103 stabilirea unui dialog deschis cu Transnistria este cheia solu\u0163ion\u0103rii conflictului transnistrean. Potrivit agen\u0163iei INFOTAG, despre aceasta el a scris pe pagina sa de facebook, coment\u00e2nd rezultatele \u00eentrevederii \u00een formatul \u201e5+2\u201d, care a avut loc pe data de 29-30 mai la Roma. \u201eSunt convins c\u0103 stabilirea unui dialog deschis cu&#8230;<\/p>\n","protected":false},"author":2,"featured_media":0,"comment_status":"closed","ping_status":"open","sticky":false,"template":"","format":"standard","meta":[],"categories":[1],"tags":[],"_links":{"self":[{"href":"https:\/\/centers.ulbsibiu.ro\/ccsprise\/lact\/wp-json\/wp\/v2\/posts\/4866"}],"collection":[{"href":"https:\/\/centers.ulbsibiu.ro\/ccsprise\/lact\/wp-json\/wp\/v2\/posts"}],"about":[{"href":"https:\/\/centers.ulbsibiu.ro\/ccsprise\/lact\/wp-json\/wp\/v2\/types\/post"}],"author":[{"embeddable":true,"href":"https:\/\/centers.ulbsibiu.ro\/ccsprise\/lact\/wp-json\/wp\/v2\/users\/2"}],"replies":[{"embeddable":true,"href":"https:\/\/centers.ulbsibiu.ro\/ccsprise\/lact\/wp-json\/wp\/v2\/comments?post=4866"}],"version-history":[{"count":1,"href":"https:\/\/centers.ulbsibiu.ro\/ccsprise\/lact\/wp-json\/wp\/v2\/posts\/4866\/revisions"}],"predecessor-version":[{"id":4867,"href":"https:\/\/centers.ulbsibiu.ro\/ccsprise\/lact\/wp-json\/wp\/v2\/posts\/4866\/revisions\/4867"}],"wp:attachment":[{"href":"https:\/\/centers.ulbsibiu.ro\/ccsprise\/lact\/wp-json\/wp\/v2\/media?parent=4866"}],"wp:term":[{"taxonomy":"category","embeddable":true,"href":"https:\/\/centers.ulbsibiu.ro\/ccsprise\/lact\/wp-json\/wp\/v2\/categories?post=4866"},{"taxonomy":"post_tag","embeddable":true,"href":"https:\/\/centers.ulbsibiu.ro\/ccsprise\/lact\/wp-json\/wp\/v2\/tags?post=4866"}],"curies":[{"name":"wp","href":"https:\/\/api.w.org\/{rel}","templated":true}]}}