{"id":4864,"date":"2018-05-31T19:38:55","date_gmt":"2018-05-31T17:38:55","guid":{"rendered":"https:\/\/centers.ulbsibiu.ro\/ccsprise\/lact\/?p=4864"},"modified":"2020-06-12T18:44:51","modified_gmt":"2020-06-12T16:44:51","slug":"europalibera-org-de-ce-reglementarea-transnistreana-bate-pasul-pe-loc","status":"publish","type":"post","link":"https:\/\/centers.ulbsibiu.ro\/ccsprise\/lact\/europalibera-org-de-ce-reglementarea-transnistreana-bate-pasul-pe-loc\/","title":{"rendered":"Europalibera.org &#8211; De ce reglementarea transnistrean\u0103 bate pasul pe loc?"},"content":{"rendered":"<ul class=\"links__list links__list--column\">\n<li class=\"links__item\"><a class=\"links__item-link\" title=\"Diana R\u0103ileanu\" href=\"https:\/\/www.europalibera.org\/author\/20872.html\">Diana R\u0103ileanu<\/a><\/li>\n<\/ul>\n<div class=\"intro content-offset\">\n<p>Exper\u0163i \u00een politic\u0103 extern\u0103 spun c\u0103 de vin\u0103 ar fi \u015fi politicienii de la Chi\u015fin\u0103u care prin tacticile lor electorale ar \u00eendep\u0103rta \u015fansa reunific\u0103rii Republicii Moldova.<\/p>\n<\/div>\n<div id=\"article-content\" class=\"content-floated-wrap fb-quotable\">\n<div class=\"wsw\">\n<p><em>Din 2014 \u00eencoace, dup\u0103 anexarea Crimeii de c\u0103tre Federa\u0163ia Rus\u0103, statele din Europa de Est se confrunt\u0103 cu un risc de securitate, constat\u0103 exper\u0163ii Asocia\u0163iei de Politic\u0103 Extern\u0103 din Moldova. \u00cen cazul Republicii Moldova, riscul vine din regiunea transnistrean\u0103 a \u0163\u0103rii, necontrolat\u0103 de facto de autorit\u0103\u0163ile de la Chi\u015fin\u0103u, \u00eens\u0103 influen\u0163at\u0103 \u015fi sprijinit\u0103 de Federa\u0163ia Rus\u0103. Cum pot fi dep\u0103\u015fite ne\u00een\u0163elegerile cu liderii de la Tiraspol \u015fi restabilit dialogul cu Moscova? O \u00eentrebare la care au c\u0103utat r\u0103spuns mai mul\u0163i exper\u0163i specializa\u0163i pe politic\u0103 extern\u0103. <\/em><\/p>\n<p>Statele din vecin\u0103tatea Uniunii Europene se afl\u0103 \u00eentr-un impas de securitate, mai ales datorit\u0103 influen\u021bei Federa\u021biei Ruse: Ucraina se confrunt\u0103 cu un conflict separatist \u00een estul \u0163\u0103rii, alimentat de Moscova, iar Republica Moldova \u00eenainteaz\u0103 cu greu \u00een negocierile cu liderii din st\u00e2nga Nistrului, sprijini\u0163i \u015fi ei de Kremlin. Astfel descriu starea de lucruri mai mul\u0163i exper\u0163i reuni\u0163i \u00een cadrul unei mese rotunde organizate de Asocia\u0163ie pentru Politic\u0103 Extern\u0103 \u015fi Funda\u0163ia Friedrich Ebert.<\/p>\n<p>Unei \u0163\u0103ri mici \u015fi prea pu\u0163in influente cum este Republica Moldova i-ar fi complicat s\u0103 \u00eenfrunte un colos ca Federa\u0163ia Rus\u0103, \u00een schimb, guvernul de la Chi\u015fin\u0103u ar putea face uz de statutul de membru al diferitelor organiza\u0163ii interna\u0163ionale cum este OSCE pentru a restabili comunicarea cu Kremlinul, crede directoarea executiv\u0103 a Asocia\u0163iei pentru Politic\u0103 Extern\u0103, Victoria Buc\u0103taru. Recent, un grup de exper\u0163i din mai multe capitale europene, membre ale OSCE, \u015fi-au propus s\u0103 creeze o platform\u0103 de cooperare pe domenii cheie, care nu ar viza politicul.<\/p>\n<p>Text complet cu opiniile exper\u021bilor:\u00a0<a href=\"https:\/\/www.europalibera.org\/a\/de-ce-reglementarea-transnistrean\u0103-bate-pasul-pe-loc\/29261528.html\">https:\/\/www.europalibera.org\/<\/a><\/p>\n<\/div>\n<\/div>\n","protected":false},"excerpt":{"rendered":"<p>Diana R\u0103ileanu Exper\u0163i \u00een politic\u0103 extern\u0103 spun c\u0103 de vin\u0103 ar fi \u015fi politicienii de la Chi\u015fin\u0103u care prin tacticile lor electorale ar \u00eendep\u0103rta \u015fansa reunific\u0103rii Republicii Moldova. Din 2014 \u00eencoace, dup\u0103 anexarea Crimeii de c\u0103tre Federa\u0163ia Rus\u0103, statele din Europa de Est se confrunt\u0103 cu un risc de securitate, constat\u0103 exper\u0163ii Asocia\u0163iei de Politic\u0103&#8230;<\/p>\n","protected":false},"author":2,"featured_media":0,"comment_status":"closed","ping_status":"open","sticky":false,"template":"","format":"standard","meta":[],"categories":[1],"tags":[],"_links":{"self":[{"href":"https:\/\/centers.ulbsibiu.ro\/ccsprise\/lact\/wp-json\/wp\/v2\/posts\/4864"}],"collection":[{"href":"https:\/\/centers.ulbsibiu.ro\/ccsprise\/lact\/wp-json\/wp\/v2\/posts"}],"about":[{"href":"https:\/\/centers.ulbsibiu.ro\/ccsprise\/lact\/wp-json\/wp\/v2\/types\/post"}],"author":[{"embeddable":true,"href":"https:\/\/centers.ulbsibiu.ro\/ccsprise\/lact\/wp-json\/wp\/v2\/users\/2"}],"replies":[{"embeddable":true,"href":"https:\/\/centers.ulbsibiu.ro\/ccsprise\/lact\/wp-json\/wp\/v2\/comments?post=4864"}],"version-history":[{"count":1,"href":"https:\/\/centers.ulbsibiu.ro\/ccsprise\/lact\/wp-json\/wp\/v2\/posts\/4864\/revisions"}],"predecessor-version":[{"id":4865,"href":"https:\/\/centers.ulbsibiu.ro\/ccsprise\/lact\/wp-json\/wp\/v2\/posts\/4864\/revisions\/4865"}],"wp:attachment":[{"href":"https:\/\/centers.ulbsibiu.ro\/ccsprise\/lact\/wp-json\/wp\/v2\/media?parent=4864"}],"wp:term":[{"taxonomy":"category","embeddable":true,"href":"https:\/\/centers.ulbsibiu.ro\/ccsprise\/lact\/wp-json\/wp\/v2\/categories?post=4864"},{"taxonomy":"post_tag","embeddable":true,"href":"https:\/\/centers.ulbsibiu.ro\/ccsprise\/lact\/wp-json\/wp\/v2\/tags?post=4864"}],"curies":[{"name":"wp","href":"https:\/\/api.w.org\/{rel}","templated":true}]}}