{"id":4862,"date":"2018-05-31T19:33:48","date_gmt":"2018-05-31T17:33:48","guid":{"rendered":"https:\/\/centers.ulbsibiu.ro\/ccsprise\/lact\/?p=4862"},"modified":"2018-05-31T19:33:48","modified_gmt":"2018-05-31T17:33:48","slug":"infotag-md-reprezentantul-special-al-rusiei-cheia-reglementarii-transnistrene-se-afla-la-chisinau-si-tiraspol","status":"publish","type":"post","link":"https:\/\/centers.ulbsibiu.ro\/ccsprise\/lact\/infotag-md-reprezentantul-special-al-rusiei-cheia-reglementarii-transnistrene-se-afla-la-chisinau-si-tiraspol\/","title":{"rendered":"Infotag.md &#8211; REPREZENTANTUL SPECIAL AL RUSIEI: \u201eCHEIA REGLEMENT\u0102RII TRANSNISTRENE SE AFL\u0102 LA CHI\u015eIN\u0102U \u015eI TIRASPOL\u201d"},"content":{"rendered":"<p>Reprezentantul special al Rusiei, Ambasadorul cu misiuni speciale al MAE rus, Serghei Gubarev, consider\u0103 c\u0103 \u201echeia solu\u0163ion\u0103rii tuturor problemelor ce \u0163in de reglementarea transnistrean\u0103 se afl\u0103 la Chi\u015fin\u0103u \u015fi Tiraspol\u201d. Potrivit agen\u0163iei INFOTAG, despre aceasta el a declarat pentru agen\u0163ia rus\u0103 TASS la finele rundei de negocieri \u00een formatul \u201e5+2\u201d, care s-a \u00eencheiat \u00een ajun la Roma.<\/p>\n<p>El a remarcat \u201erealizarea unui progres semnificativ \u00een procesul de negocieri\u201d.<\/p>\n<p>\u201eNu putem s\u0103 nu remarc\u0103m rolul activ al Franco Frattini (reprezentantul special al Pre\u0219edin\u021biei italiene \u00een OSCE \u2013 \u201eI.\u201d) \u0219i intensificarea muncii la nivelul grupurilor de lucru bilaterale. Ceea ce va fi bun pentru popula\u021bia din dreapta \u0219i din st\u00e2nga Nistrului, desigur, va fi recunoscut de c\u0103tre to\u021bi mediatorii interna\u021bionali\u201d, a spus Gubarev.<\/p>\n<p>El a men\u021bionat c\u0103 \u201e\u00een cadrul formatului \u201e5+2\u201d persist\u0103 o atmosfer\u0103 de lucru minunat\u0103\u201d, \u201esitua\u021bia politic\u0103 extern\u0103 \u0219i tensiunile \u00een rela\u021biile Rusiei cu UE, SUA \u0219i Ucraina nu afecteaz\u0103 activitatea privind reglementarea conflictului transnistrean\u201d.<\/p>\n<p>\u201eNe salveaz\u0103 faptul c\u0103 nu ne av\u00e2nt\u0103m spre culmile mun\u0163ilor, ci ne ocup\u0103m de solu\u0163ionarea unor probleme concrete. \u00cen\u021belegem cum pot fi rezolvate aceste probleme. Ne-am concentrat prin acordul tacit asupra reglement\u0103rii transnistrene\u201d, a spus diplomatul rus.<\/p>\n<p>Potrivit lui, de\u015fi fiecare \u021bar\u0103 reprezint\u0103 \u201e\u00een mod firesc\u201d propriile interese, p\u0103r\u021bile au reu\u0219it s\u0103 stabileasc\u0103 un dialog constructiv.<\/p>\n<p>\u201eNe concentr\u0103m pe rezolvarea problemelor concrete, fapt ce contribuie la crearea unei atmosfere de cooperare, \u00een\u021belegere reciproc\u0103 \u0219i c\u0103utare a unor solu\u021bii optime, de care cu to\u021bi suntem interesa\u021bi\u201d, a spus Gubarev.<\/p>\n<p>El a reamintit c\u0103 \u00een Transnistria locuiesc 200 mii de cet\u0103\u021beni ru\u0219i.<\/p>\n<p>\u201eDesigur, nu putem s\u0103 nu atragem aten\u0163ie la ceea ce se \u00eent\u00e2mpl\u0103 \u00een aceast\u0103 regiune. Trebuie s\u0103 g\u0103sim un model de reglementare care s\u0103 convin\u0103 ambelor maluri. Principalul rezultat al rundei de negocieri de la Roma este realizarea tacticii pa\u0219ilor mici, care a fost adoptat\u0103 \u00eenc\u0103 \u00een 2012, adic\u0103 solu\u021bionarea problemelor concrete\u201d, a concluzionat Gubarev, men\u021bion\u00e2nd c\u0103 urm\u0103toarea reuniune va avea loc \u00een octombrie-noiembrie.<\/p>\n<p>La finele rundei de negocieri, a fost semnat \u201eProtocolul de la Roma\u201d, \u00een care Chi\u0219in\u0103ul \u0219i Tiraspolul au reiterat angajamentul de a \u00eendeplini documentele semnate anterior, precum \u0219i de a solu\u0163iona toate problemele exclusiv la masa de negocieri. Protocolul con\u021bine \u015fi o Foaie de parcurs privind unele ac\u021biuni ulterioare.<\/p>\n<p>Sursa:\u00a0<a href=\"http:\/\/www.infotag.md\/rebelion-ro\/263581\/\">http:\/\/www.infotag.md\/<\/a><\/p>\n","protected":false},"excerpt":{"rendered":"<p>Reprezentantul special al Rusiei, Ambasadorul cu misiuni speciale al MAE rus, Serghei Gubarev, consider\u0103 c\u0103 \u201echeia solu\u0163ion\u0103rii tuturor problemelor ce \u0163in de reglementarea transnistrean\u0103 se afl\u0103 la Chi\u015fin\u0103u \u015fi Tiraspol\u201d. Potrivit agen\u0163iei INFOTAG, despre aceasta el a declarat pentru agen\u0163ia rus\u0103 TASS la finele rundei de negocieri \u00een formatul \u201e5+2\u201d, care s-a \u00eencheiat \u00een ajun&#8230;<\/p>\n","protected":false},"author":2,"featured_media":0,"comment_status":"closed","ping_status":"open","sticky":false,"template":"","format":"standard","meta":[],"categories":[1],"tags":[],"_links":{"self":[{"href":"https:\/\/centers.ulbsibiu.ro\/ccsprise\/lact\/wp-json\/wp\/v2\/posts\/4862"}],"collection":[{"href":"https:\/\/centers.ulbsibiu.ro\/ccsprise\/lact\/wp-json\/wp\/v2\/posts"}],"about":[{"href":"https:\/\/centers.ulbsibiu.ro\/ccsprise\/lact\/wp-json\/wp\/v2\/types\/post"}],"author":[{"embeddable":true,"href":"https:\/\/centers.ulbsibiu.ro\/ccsprise\/lact\/wp-json\/wp\/v2\/users\/2"}],"replies":[{"embeddable":true,"href":"https:\/\/centers.ulbsibiu.ro\/ccsprise\/lact\/wp-json\/wp\/v2\/comments?post=4862"}],"version-history":[{"count":1,"href":"https:\/\/centers.ulbsibiu.ro\/ccsprise\/lact\/wp-json\/wp\/v2\/posts\/4862\/revisions"}],"predecessor-version":[{"id":4863,"href":"https:\/\/centers.ulbsibiu.ro\/ccsprise\/lact\/wp-json\/wp\/v2\/posts\/4862\/revisions\/4863"}],"wp:attachment":[{"href":"https:\/\/centers.ulbsibiu.ro\/ccsprise\/lact\/wp-json\/wp\/v2\/media?parent=4862"}],"wp:term":[{"taxonomy":"category","embeddable":true,"href":"https:\/\/centers.ulbsibiu.ro\/ccsprise\/lact\/wp-json\/wp\/v2\/categories?post=4862"},{"taxonomy":"post_tag","embeddable":true,"href":"https:\/\/centers.ulbsibiu.ro\/ccsprise\/lact\/wp-json\/wp\/v2\/tags?post=4862"}],"curies":[{"name":"wp","href":"https:\/\/api.w.org\/{rel}","templated":true}]}}