{"id":4859,"date":"2018-05-31T19:29:14","date_gmt":"2018-05-31T17:29:14","guid":{"rendered":"https:\/\/centers.ulbsibiu.ro\/ccsprise\/lact\/?p=4859"},"modified":"2018-05-31T19:30:14","modified_gmt":"2018-05-31T17:30:14","slug":"gov-md-efectivul-pacificatorilor-rusi-a-fost-suplinit-cu-un-nou-observator-militar","status":"publish","type":"post","link":"https:\/\/centers.ulbsibiu.ro\/ccsprise\/lact\/gov-md-efectivul-pacificatorilor-rusi-a-fost-suplinit-cu-un-nou-observator-militar\/","title":{"rendered":"Gov.md &#8211; Efectivul pacificatorilor ru\u0219i a fost suplinit cu un nou observator militar"},"content":{"rendered":"<p>Dou\u0103 subiecte s-au aflat pe agenda Comisiei Unificate de Control, care s-a \u00eentrunit la\u00a0 31 \u00a0mai \u00een or. Bender.<\/p>\n<p>Astfel, Comisia l-a aprobat \u00een func\u021bia de observator militar din partea Federa\u021biei Ruse pe locotenent-colonelul\u00a0 Evghenii Safonov.<\/p>\n<p>Ulterior, \u0219eful Statului Major al For\u021belor Mixte de Pacificare colonelul Vitalii Morozov a\u00a0 raportat situa\u021bia din Zona de Securitate care a fost recunoscut\u0103 ca fiind stabil\u0103, ca urmare a monitoriz\u0103rii efectuate pe parcursul unei s\u0103pt\u0103m\u00e2ni de c\u0103tre Comandamentul Militar \u00centrunit.<\/p>\n<p>Examinarea problemei privind asigurarea securit\u0103\u021bii \u0219i liberei circula\u021bii \u00een preajma podului peste r\u00e2ul Nistru \u00eentre localit\u0103\u021bile Gura B\u00e2cului \u0219i B\u00e2cioc a avut loc \u00een cadrul \u0219edin\u021bei neordinare a Comisiei, condus\u0103 de copre\u0219edintele CUC din partea Federa\u0163iei Ruse, Ilia Uvarov.<\/p>\n<p>P\u0103r\u021bile au f\u0103cut un schimb de opinii, \u00eens\u0103 consensul pentru semnarea unei decizii nu a fost atins. Delega\u021biile aflate \u00een proces de dialog au hot\u0103r\u00e2t s\u0103 continue consult\u0103rile pe marginea acestui subiect.<\/p>\n<p>Urm\u0103toarea \u0219edin\u021b\u0103 a Comisiei este preconizat\u0103 pentru data de 7 iunie 2018.<\/p>\n<p>&nbsp;<\/p>\n<p>&nbsp;<\/p>\n<p><strong>Delega\u021bia Republicii Moldova\u00a0<\/strong><\/p>\n<p><strong>\u00een Comisia Unificat\u0103 de Control<\/strong><\/p>\n<p>&nbsp;<\/p>\n<p>Sursa:\u00a0<a href=\"https:\/\/gov.md\/ro\/content\/efectivul-pacificatorilor-rusi-fost-suplinit-cu-un-nou-observator-militar\">https:\/\/gov.md\/<\/a><\/p>\n","protected":false},"excerpt":{"rendered":"<p>Dou\u0103 subiecte s-au aflat pe agenda Comisiei Unificate de Control, care s-a \u00eentrunit la\u00a0 31 \u00a0mai \u00een or. Bender. Astfel, Comisia l-a aprobat \u00een func\u021bia de observator militar din partea Federa\u021biei Ruse pe locotenent-colonelul\u00a0 Evghenii Safonov. Ulterior, \u0219eful Statului Major al For\u021belor Mixte de Pacificare colonelul Vitalii Morozov a\u00a0 raportat situa\u021bia din Zona de Securitate&#8230;<\/p>\n","protected":false},"author":2,"featured_media":0,"comment_status":"closed","ping_status":"open","sticky":false,"template":"","format":"standard","meta":[],"categories":[1],"tags":[],"_links":{"self":[{"href":"https:\/\/centers.ulbsibiu.ro\/ccsprise\/lact\/wp-json\/wp\/v2\/posts\/4859"}],"collection":[{"href":"https:\/\/centers.ulbsibiu.ro\/ccsprise\/lact\/wp-json\/wp\/v2\/posts"}],"about":[{"href":"https:\/\/centers.ulbsibiu.ro\/ccsprise\/lact\/wp-json\/wp\/v2\/types\/post"}],"author":[{"embeddable":true,"href":"https:\/\/centers.ulbsibiu.ro\/ccsprise\/lact\/wp-json\/wp\/v2\/users\/2"}],"replies":[{"embeddable":true,"href":"https:\/\/centers.ulbsibiu.ro\/ccsprise\/lact\/wp-json\/wp\/v2\/comments?post=4859"}],"version-history":[{"count":2,"href":"https:\/\/centers.ulbsibiu.ro\/ccsprise\/lact\/wp-json\/wp\/v2\/posts\/4859\/revisions"}],"predecessor-version":[{"id":4861,"href":"https:\/\/centers.ulbsibiu.ro\/ccsprise\/lact\/wp-json\/wp\/v2\/posts\/4859\/revisions\/4861"}],"wp:attachment":[{"href":"https:\/\/centers.ulbsibiu.ro\/ccsprise\/lact\/wp-json\/wp\/v2\/media?parent=4859"}],"wp:term":[{"taxonomy":"category","embeddable":true,"href":"https:\/\/centers.ulbsibiu.ro\/ccsprise\/lact\/wp-json\/wp\/v2\/categories?post=4859"},{"taxonomy":"post_tag","embeddable":true,"href":"https:\/\/centers.ulbsibiu.ro\/ccsprise\/lact\/wp-json\/wp\/v2\/tags?post=4859"}],"curies":[{"name":"wp","href":"https:\/\/api.w.org\/{rel}","templated":true}]}}