{"id":4852,"date":"2018-05-31T07:35:34","date_gmt":"2018-05-31T05:35:34","guid":{"rendered":"https:\/\/centers.ulbsibiu.ro\/ccsprise\/lact\/?p=4852"},"modified":"2018-05-31T07:35:34","modified_gmt":"2018-05-31T05:35:34","slug":"protocolul-reuniunii-sedintei-permanente-pe-probleme-politice-din-cadrul-procesului-de-negocieri-privind-reglementarea-transnistreana-29-30-mai-roma","status":"publish","type":"post","link":"https:\/\/centers.ulbsibiu.ro\/ccsprise\/lact\/protocolul-reuniunii-sedintei-permanente-pe-probleme-politice-din-cadrul-procesului-de-negocieri-privind-reglementarea-transnistreana-29-30-mai-roma\/","title":{"rendered":"Protocolul reuniunii \u201e\u0218edin\u021bei permanente pe probleme politice din cadrul procesului de negocieri privind reglementarea transnistrean\u0103\u201d (29 \u2013 30 mai, Roma)"},"content":{"rendered":"<p><span style=\"color: #000000;\"><span lang=\"RO\" style=\"margin: 0px; font-family: 'Times New Roman'; font-size: 14pt;\">1.<span style=\"font: 7pt 'Times New Roman'; margin: 0px; font-size-adjust: none; font-stretch: normal;\">\u00a0\u00a0\u00a0\u00a0 <\/span><\/span><span lang=\"RO\" style=\"margin: 0px; font-family: 'Times New Roman'; font-size: 14pt;\">\u00cen data de 29 \u2013 30 mai la Roma a avut loc reuniunea \u201e\u0218edin\u021bei permanente pe probleme politice din cadrul procesului de negocieri privind reglementarea transnistrean\u0103\u201d.<\/span><\/span><\/p>\n<p><span style=\"color: #000000;\"><span lang=\"RO\" style=\"margin: 0px; font-family: 'Times New Roman'; font-size: 14pt;\">2.<span style=\"font: 7pt 'Times New Roman'; margin: 0px; font-size-adjust: none; font-stretch: normal;\">\u00a0\u00a0\u00a0\u00a0 <\/span><\/span><span lang=\"RO\" style=\"margin: 0px; font-family: 'Times New Roman'; font-size: 14pt;\">Participan\u021bii reuniunii au analizat \u0219i au evaluat implementarea dispozi\u021biilor Protocolului reuniunii de la Viena din formatul \u201e5+2\u201d din 27 \u2013 28 noiembrie 2017, precum \u0219i punerea \u00een aplicare a acordurilor semnate \u00een noiembrie 2017 \u0219i \u00een aprilie 2018.<\/span><\/span><\/p>\n<p><span style=\"color: #000000;\"><span lang=\"RO\" style=\"margin: 0px; font-family: 'Times New Roman'; font-size: 14pt;\">3.<span style=\"font: 7pt 'Times New Roman'; margin: 0px; font-size-adjust: none; font-stretch: normal;\">\u00a0\u00a0\u00a0\u00a0 <\/span><\/span><span lang=\"RO\" style=\"margin: 0px; font-family: 'Times New Roman'; font-size: 14pt;\">Paticipan\u021bii reuniunii au salutat progresul realizat de P\u0103r\u021bi, inclusiv, semnarea la 24 aprilie 2018 a\u00a0 unui acord complex privind participarea mijloacelor de transport din Transnistria \u00een traficul rutier interna\u021bional.<\/span><\/span><\/p>\n<p><span style=\"color: #000000;\"><span lang=\"RO\" style=\"margin: 0px; font-family: 'Times New Roman'; font-size: 14pt;\">4.<span style=\"font: 7pt 'Times New Roman'; margin: 0px; font-size-adjust: none; font-stretch: normal;\">\u00a0\u00a0\u00a0\u00a0 <\/span><\/span><span lang=\"RO\" style=\"margin: 0px; font-family: 'Times New Roman'; font-size: 14pt;\">Participan\u021bii reuniunii au salutat includerea de c\u0103tre P\u0103r\u021bi \u00een textul deciziilor protocolare a dispozi\u021biilor, care prev\u0103d mecanisme concrete \u0219i dac\u0103 este cazul, parametrii temporali pentru realizarea acestora, \u0219i au sprijint \u00een mod ferm utilizarea \u00een continuare a unei astfel de abord\u0103ri \u00een contextul punerii \u00een aplicare a punctului 6 din Protocolul de la Berlin din 2016, reflectat, de asemenea, \u0219i \u00een Protocolul de la Viena din 2017.\u00a0\u00a0 <\/span><\/span><\/p>\n<p><span style=\"color: #000000;\"><span lang=\"RO\" style=\"margin: 0px; font-family: 'Times New Roman'; font-size: 14pt;\">5.<span style=\"font: 7pt 'Times New Roman'; margin: 0px; font-size-adjust: none; font-stretch: normal;\">\u00a0\u00a0\u00a0\u00a0 <\/span><\/span><span lang=\"RO\" style=\"margin: 0px; font-family: 'Times New Roman'; font-size: 14pt;\">Mediatorii \u0219i observatorii au apreciat \u00eenalt dinamica realiz\u0103rii de c\u0103tre P\u0103r\u021bi a acordurilor cu privire la evaluarea tehnic\u0103 a podului din raionul comunelor Gura-B\u00eecului \u0219i B\u00eecioc, cu scopul de a realiza \u00eentreaga exploatare \u0219i func\u021bionalitate a acestuia, apostilarea diplomelor de \u00eenv\u0103\u021b\u0103m\u00e2nt \u0219i func\u021bionalitatea \u0219colilor cu predare pe baz\u0103 de grafie latin\u0103. P\u0103r\u021bile vor continua implementarea complet\u0103 a acordurilor men\u021bionate.<\/span><\/span><\/p>\n<p><span style=\"color: #000000;\"><span lang=\"RO\" style=\"margin: 0px; font-family: 'Times New Roman'; font-size: 14pt;\">6.<span style=\"font: 7pt 'Times New Roman'; margin: 0px; font-size-adjust: none; font-stretch: normal;\">\u00a0\u00a0\u00a0\u00a0 <\/span><\/span><span lang=\"RO\" style=\"margin: 0px; font-family: 'Times New Roman'; font-size: 14pt;\">Mediatorii \u0219i observatorii au salutat angajamentele P\u0103r\u021bilor de a finaliza realizarea acordurilor cu privire la utilizarea terenurilor agricole din raionul Dub\u0103sari p\u00e2n\u0103 la data de 1 august 2018, precum \u0219i asigurarea lans\u0103rii unui mecanism care prevede participarea mijloacelor de transport din Transnistria \u00een traficul rutier interna\u021bional din data de 1 septembrie 2018. Mediatorii \u0219i observatorii, de asemenea, au salutat angajamentul asumat de P\u0103r\u021bi la Roma de a conveni p\u00e2n\u0103 la sf\u00e2r\u0219itul lunii iunie 2018 o \u201efoaie de parcurs\u201d concret\u0103 privind realizarea acordului cu privire la organizarea cooper\u0103rii \u00een domeniul telecomunica\u021biilor \u0219i de a \u00eencepe aplicarea rapid\u0103 a acesteia \u00eentr-o str\u00e2ns\u0103 coordonare cu to\u021bi partenerii implica\u021bi.<\/span><\/span><\/p>\n<p><span style=\"color: #000000;\"><span lang=\"RO\" style=\"margin: 0px; font-family: 'Times New Roman'; font-size: 14pt;\">7.<span style=\"font: 7pt 'Times New Roman'; margin: 0px; font-size-adjust: none; font-stretch: normal;\">\u00a0\u00a0\u00a0\u00a0 <\/span><\/span><span lang=\"RO\" style=\"margin: 0px; font-family: 'Times New Roman'; font-size: 14pt;\">Participan\u021bii reuniunii au reamintit despre necesitatea punerii \u00een aplicare a punctelor 5 din Protocolul de la Berlin din 2 \u2013 3 iunie 2016 \u0219i din Protocolul de la Viena din\u00a0 27 \u2013 28 noiembrie 2017, precum \u0219i a punctului 5 din Protocolul cu privire la utilizarea terenurilor agricole din raionul Dub\u0103sari \u0219i de a confirma deciziile luate \u00een acest context.<\/span><\/span><\/p>\n<p><span style=\"color: #000000;\"><span lang=\"RO\" style=\"margin: 0px; font-family: 'Times New Roman'; font-size: 14pt;\">8.<span style=\"font: 7pt 'Times New Roman'; margin: 0px; font-size-adjust: none; font-stretch: normal;\">\u00a0\u00a0\u00a0\u00a0 <\/span><\/span><span lang=\"RO\" style=\"margin: 0px; font-family: 'Times New Roman'; font-size: 14pt;\">P\u0103r\u021bile \u0219i-au confirmat angajamentul fa\u021b\u0103 de o abordare bazat\u0103 pe rezultate, care este cheia pentru o func\u021bionare ritmic\u0103 a procesului de negocieri pe toate nivelurile. P\u0103r\u021bile au stat de acord s\u0103 continue interac\u021biunea productiv\u0103 pentru rezolvarea altor probleme actuale, care nu sunt specificate \u00een prezentul Protocol, \u00een interesul oamenilor. <\/span><\/span><\/p>\n<p><span style=\"color: #000000;\"><span lang=\"RO\" style=\"margin: 0px; font-family: 'Times New Roman'; font-size: 14pt;\">9.<span style=\"font: 7pt 'Times New Roman'; margin: 0px; font-size-adjust: none; font-stretch: normal;\">\u00a0\u00a0\u00a0\u00a0 <\/span><\/span><span lang=\"RO\" style=\"margin: 0px; font-family: 'Times New Roman'; font-size: 14pt;\">P\u0103r\u021bile din nou sus\u021bin angajamentele asumate anterior pentru rezolvarea tuturor problemelor exclusiv pe calea negocierilor, prin asisten\u021ba \u0219i medierea OSCE, Federa\u021biei Ruse \u0219i Ucrainei.<\/span><\/span><\/p>\n<p>&nbsp;<\/p>\n<p style=\"text-align: center;\"><span lang=\"RO\" style=\"margin: 0px; font-family: 'Times New Roman'; font-size: 14pt;\"><span style=\"color: #000000;\">Semnat de Republica Moldova, Transnistria, Federa\u021bia Rus\u0103, OSCE, Ucraina.<\/span><\/span><\/p>\n<p>&nbsp;<\/p>\n<p><img loading=\"lazy\" class=\"size-full wp-image-4853 aligncenter\" src=\"https:\/\/centers.ulbsibiu.ro\/ccsprise\/lact\/wp-content\/uploads\/2018\/05\/1-1.jpg\" alt=\"\" width=\"639\" height=\"903\" srcset=\"https:\/\/centers.ulbsibiu.ro\/ccsprise\/lact\/wp-content\/uploads\/2018\/05\/1-1.jpg 639w, https:\/\/centers.ulbsibiu.ro\/ccsprise\/lact\/wp-content\/uploads\/2018\/05\/1-1-212x300.jpg 212w\" sizes=\"(max-width: 639px) 100vw, 639px\" \/><\/p>\n<p><img loading=\"lazy\" class=\"aligncenter size-full wp-image-4854\" src=\"https:\/\/centers.ulbsibiu.ro\/ccsprise\/lact\/wp-content\/uploads\/2018\/05\/2-1.jpg\" alt=\"\" width=\"639\" height=\"903\" srcset=\"https:\/\/centers.ulbsibiu.ro\/ccsprise\/lact\/wp-content\/uploads\/2018\/05\/2-1.jpg 639w, https:\/\/centers.ulbsibiu.ro\/ccsprise\/lact\/wp-content\/uploads\/2018\/05\/2-1-212x300.jpg 212w\" sizes=\"(max-width: 639px) 100vw, 639px\" \/><\/p>\n","protected":false},"excerpt":{"rendered":"<p>1.\u00a0\u00a0\u00a0\u00a0 \u00cen data de 29 \u2013 30 mai la Roma a avut loc reuniunea \u201e\u0218edin\u021bei permanente pe probleme politice din cadrul procesului de negocieri privind reglementarea transnistrean\u0103\u201d. 2.\u00a0\u00a0\u00a0\u00a0 Participan\u021bii reuniunii au analizat \u0219i au evaluat implementarea dispozi\u021biilor Protocolului reuniunii de la Viena din formatul \u201e5+2\u201d din 27 \u2013 28 noiembrie 2017, precum \u0219i punerea \u00een&#8230;<\/p>\n","protected":false},"author":2,"featured_media":0,"comment_status":"closed","ping_status":"open","sticky":false,"template":"","format":"standard","meta":[],"categories":[1],"tags":[],"_links":{"self":[{"href":"https:\/\/centers.ulbsibiu.ro\/ccsprise\/lact\/wp-json\/wp\/v2\/posts\/4852"}],"collection":[{"href":"https:\/\/centers.ulbsibiu.ro\/ccsprise\/lact\/wp-json\/wp\/v2\/posts"}],"about":[{"href":"https:\/\/centers.ulbsibiu.ro\/ccsprise\/lact\/wp-json\/wp\/v2\/types\/post"}],"author":[{"embeddable":true,"href":"https:\/\/centers.ulbsibiu.ro\/ccsprise\/lact\/wp-json\/wp\/v2\/users\/2"}],"replies":[{"embeddable":true,"href":"https:\/\/centers.ulbsibiu.ro\/ccsprise\/lact\/wp-json\/wp\/v2\/comments?post=4852"}],"version-history":[{"count":1,"href":"https:\/\/centers.ulbsibiu.ro\/ccsprise\/lact\/wp-json\/wp\/v2\/posts\/4852\/revisions"}],"predecessor-version":[{"id":4855,"href":"https:\/\/centers.ulbsibiu.ro\/ccsprise\/lact\/wp-json\/wp\/v2\/posts\/4852\/revisions\/4855"}],"wp:attachment":[{"href":"https:\/\/centers.ulbsibiu.ro\/ccsprise\/lact\/wp-json\/wp\/v2\/media?parent=4852"}],"wp:term":[{"taxonomy":"category","embeddable":true,"href":"https:\/\/centers.ulbsibiu.ro\/ccsprise\/lact\/wp-json\/wp\/v2\/categories?post=4852"},{"taxonomy":"post_tag","embeddable":true,"href":"https:\/\/centers.ulbsibiu.ro\/ccsprise\/lact\/wp-json\/wp\/v2\/tags?post=4852"}],"curies":[{"name":"wp","href":"https:\/\/api.w.org\/{rel}","templated":true}]}}