{"id":4847,"date":"2018-05-30T16:36:54","date_gmt":"2018-05-30T14:36:54","guid":{"rendered":"https:\/\/centers.ulbsibiu.ro\/ccsprise\/lact\/?p=4847"},"modified":"2018-05-30T16:36:54","modified_gmt":"2018-05-30T14:36:54","slug":"infotag-md-runda-de-negocieri-privind-reglementarea-transnistreana-in-formatul-52-s-a-incheiat-cu-semnarea-unui-protocol-ce-cuprinde-o-foaie-de-parcurs","status":"publish","type":"post","link":"https:\/\/centers.ulbsibiu.ro\/ccsprise\/lact\/infotag-md-runda-de-negocieri-privind-reglementarea-transnistreana-in-formatul-52-s-a-incheiat-cu-semnarea-unui-protocol-ce-cuprinde-o-foaie-de-parcurs\/","title":{"rendered":"Infotag.md &#8211; RUNDA DE NEGOCIERI PRIVIND REGLEMENTAREA TRANSNISTREAN\u0102 \u00ceN FORMATUL \u201e5+2\u201d S-A \u00ceNCHEIAT CU SEMNAREA UNUI PROTOCOL CE CUPRINDE O FOAIE DE PARCURS"},"content":{"rendered":"<p>Runda de negocieri privind reglementarea transnistrean\u0103 \u00een formatul \u201e5+2\u201d s-a \u00eencheiat cu semnarea unui protocol ce cuprinde o Foaie de parcurs. Potrivit agen\u0163iei INFOTAG, despre aceasta au declarat participan\u0163ii la conferin\u0163a de pres\u0103 privind bilan\u0163ul rundei de negocieri \u00een formatul \u201e5+2\u201d, care s-a \u00eencheiat miercuri la Roma.<\/p>\n<p>Reprezentantul special al OSCE pentru reglementarea transnistrean\u0103, Franco Frattini, \u0219i-a exprimat mul\u0163umirea c\u0103 \u201ereuniunea de la Roma a fost una constructiv\u0103\u201d.<\/p>\n<p>\u201eAm discutat toate problemele actuale, implementarea deciziilor protocolare, semnate \u00een noiembrie 2017 de c\u0103tre reprezentan\u021bii Chi\u0219in\u0103ului \u0219i Tiraspolului. Am salutat semnarea, \u00een luna aprilie a acestui an, a unei noi decizii protocolare privind procedura de \u00eenmatriculare a ma\u015finilor transnistrene. Am trasat o Foaie de parcurs pentru ac\u021biunile ulterioare, inclusiv realizarea acestui document, care va intra \u00een vigoare \u00een toamn\u0103\u201d, a spus Frattini.<\/p>\n<p>Vicepremierul Moldovei pentru Reintegrare, Cristina Lesnic, a men\u0163ionat \u201ecaracterul deschis al p\u0103r\u0163ilor \u00een timpul negocierilor\u201d.<\/p>\n<p>\u201eAcest lucru ne permite s\u0103 sper\u0103m c\u0103 a\u0219tept\u0103rile locuitorilor de pe ambele maluri ale Nistrului referitor la solu\u021bionarea conflictului sunt justificate. Sarcina noastr\u0103 principal\u0103 este de a rezolva problemele \u00een interesul popula\u021biei, de a \u00eembun\u0103t\u0103\u021bi via\u021ba oamenilor. Prioritatea autorit\u0103\u021bilor Moldovei este de a g\u0103si o solu\u0163ie viabil\u0103 la problema transnistrean\u0103 \u00een beneficiul \u00eentregii popula\u021bii\u201d, a spus Lesnic.<\/p>\n<p>Ea a remarcat c\u0103, \u00een cadrul reuniunii de la Roma, p\u0103r\u021bile au constatat c\u0103 protocoalele semnate sunt puse \u00een aplicare, \u00eens\u0103 \u201eexist\u0103 oportunit\u0103\u021bi pentru a ob\u021bine noi rezultate\u201d.<\/p>\n<p>Ministrul de externe al Transnistriei, Vitalii Ignatiev, a declarat c\u0103 \u201enegocierile de la Roma nu au fost u\u0219oare, dar au fost ob\u021binute rezultate concrete\u201d.<\/p>\n<p>\u201eDeciziile protocolare semnate la sf\u00e2r\u0219itul anului trecut \u0219i \u00een acest an demonstreaz\u0103 c\u0103, cu voin\u021ba politic\u0103, se pot ob\u021bine rezultate. Semnarea acestor documente a adus plusvaloare procesului de negocieri. Ne-am convins c\u0103 formatul \u201e5+2\u201d este o platform\u0103 necesar\u0103. \u00cen timpul reuniunii de la Roma, to\u021bi participan\u021bii au fost de acord c\u0103 activitatea are nevoie de o anumit\u0103 ritmicitate. Am avut o \u00eent\u00e2lnire \u00een format \u201e5+2\u201d \u00een 2016 \u015fi una \u00een 2017. \u00cen protocolul semnat la Roma, am trasat o Foaie de parcurs pentru ac\u021biunile viitoare, inclusiv desf\u0103\u015furarea unei noi runde de negocieri \u00een toamn\u0103\u201d, a subliniat Ignatiev.<\/p>\n<p>El a mai spus c\u0103, potrivit Foii de parcurs semnate, p\u00e2n\u0103 la sf\u00e2r\u0219itul lunii iunie, Chi\u0219in\u0103ul \u0219i Tiraspolul urmeaz\u0103 s\u0103 elaboreze solu\u021bii \u00een domeniul comunica\u021biilor \u0219i telecomunica\u021biilor pentru a \u00eencepe realizarea acestor decizii.<\/p>\n<p>Sursa:\u00a0<a href=\"http:\/\/www.infotag.md\/politics-ro\/263569\/\">http:\/\/www.infotag.md\/<\/a><\/p>\n","protected":false},"excerpt":{"rendered":"<p>Runda de negocieri privind reglementarea transnistrean\u0103 \u00een formatul \u201e5+2\u201d s-a \u00eencheiat cu semnarea unui protocol ce cuprinde o Foaie de parcurs. Potrivit agen\u0163iei INFOTAG, despre aceasta au declarat participan\u0163ii la conferin\u0163a de pres\u0103 privind bilan\u0163ul rundei de negocieri \u00een formatul \u201e5+2\u201d, care s-a \u00eencheiat miercuri la Roma. Reprezentantul special al OSCE pentru reglementarea transnistrean\u0103, Franco&#8230;<\/p>\n","protected":false},"author":2,"featured_media":0,"comment_status":"closed","ping_status":"open","sticky":false,"template":"","format":"standard","meta":[],"categories":[1],"tags":[],"_links":{"self":[{"href":"https:\/\/centers.ulbsibiu.ro\/ccsprise\/lact\/wp-json\/wp\/v2\/posts\/4847"}],"collection":[{"href":"https:\/\/centers.ulbsibiu.ro\/ccsprise\/lact\/wp-json\/wp\/v2\/posts"}],"about":[{"href":"https:\/\/centers.ulbsibiu.ro\/ccsprise\/lact\/wp-json\/wp\/v2\/types\/post"}],"author":[{"embeddable":true,"href":"https:\/\/centers.ulbsibiu.ro\/ccsprise\/lact\/wp-json\/wp\/v2\/users\/2"}],"replies":[{"embeddable":true,"href":"https:\/\/centers.ulbsibiu.ro\/ccsprise\/lact\/wp-json\/wp\/v2\/comments?post=4847"}],"version-history":[{"count":1,"href":"https:\/\/centers.ulbsibiu.ro\/ccsprise\/lact\/wp-json\/wp\/v2\/posts\/4847\/revisions"}],"predecessor-version":[{"id":4848,"href":"https:\/\/centers.ulbsibiu.ro\/ccsprise\/lact\/wp-json\/wp\/v2\/posts\/4847\/revisions\/4848"}],"wp:attachment":[{"href":"https:\/\/centers.ulbsibiu.ro\/ccsprise\/lact\/wp-json\/wp\/v2\/media?parent=4847"}],"wp:term":[{"taxonomy":"category","embeddable":true,"href":"https:\/\/centers.ulbsibiu.ro\/ccsprise\/lact\/wp-json\/wp\/v2\/categories?post=4847"},{"taxonomy":"post_tag","embeddable":true,"href":"https:\/\/centers.ulbsibiu.ro\/ccsprise\/lact\/wp-json\/wp\/v2\/tags?post=4847"}],"curies":[{"name":"wp","href":"https:\/\/api.w.org\/{rel}","templated":true}]}}