{"id":4845,"date":"2018-05-30T16:35:04","date_gmt":"2018-05-30T14:35:04","guid":{"rendered":"https:\/\/centers.ulbsibiu.ro\/ccsprise\/lact\/?p=4845"},"modified":"2018-05-30T16:35:04","modified_gmt":"2018-05-30T14:35:04","slug":"ziarulnational-md-runda-de-negocieri-in-formatul-52-la-roma-r-moldova-a-raportat-ca-a-apostilat-zeci-de-diplome-de-studii-din-regiunea-transnistreana","status":"publish","type":"post","link":"https:\/\/centers.ulbsibiu.ro\/ccsprise\/lact\/ziarulnational-md-runda-de-negocieri-in-formatul-52-la-roma-r-moldova-a-raportat-ca-a-apostilat-zeci-de-diplome-de-studii-din-regiunea-transnistreana\/","title":{"rendered":"Ziarulnational.md &#8211; Runda de negocieri \u00een formatul \u201e5+2\u201d, la Roma: R. Moldova a raportat c\u0103 a apostilat zeci de diplome de studii din regiunea transnistrean\u0103"},"content":{"rendered":"<p>Autorit\u0103\u021bile de la Chi\u0219in\u0103u au apostilat, p\u00e2n\u0103 \u00een prezent, 42 de diplome de studii din regiunea transnistrean\u0103, conform \u00een\u021belegerii la care s-a ajuns \u00een toamna anului trecut la Viena.<\/p>\n<p>Cifra a fost prezentat\u0103 ast\u0103zi la Roma, Italia, de c\u0103tre vicepremierul pentru Politici de Reintegrare, Cristina Lesnic, \u00een cadrul unei conferin\u021be de pres\u0103 dup\u0103 o nou\u0103 rund\u0103 de negocieri \u00een formatul \u201e5+2\u201d, desf\u0103\u0219urat\u0103 \u00een perioada \u00een perioada 29 &#8211; 30 mai curent, de Pre\u0219edin\u021bia italian\u0103 a OSCE.<\/p>\n<p>Cristina Lesnic a \u021binut s\u0103 sublinieze c\u0103 apostilarea acestor documente \u201enu \u00eenseamn\u0103 \u0219i recunoa\u0219terea calit\u0103\u021bii academice sau profesionale\u201d. Totodat\u0103, oficialul de la Chi\u0219in\u0103u a remarcat unele progrese \u00een procesul de reglementare transnistrean\u0103, dup\u0103 semnarea celor patru protocoale care prev\u0103d solu\u021bionarea problemelor legate de accesul fermierilor la terenurile de dup\u0103 traseul R\u00e2bni\u021ba-Tiraspol, ale \u0219colilor cu predare \u00een limba rom\u00e2n\u0103 din st\u00e2nga Nistrului, restabilirea telefoniei fixe \u0219i mobile \u00eentre cele dou\u0103 maluri ale Nistrului \u0219i apostilarea diplomelor de studii emise de Transnistria.<\/p>\n<p>\u00cen cadrul reuniunii, negociatorul-\u0219ef din partea Chi\u0219in\u0103ului, vicepremierul Cristina Lesnic a reiterat \u0219i a punctat necesitatea aducerii la bun sf\u00e2r\u0219it a problemei privind asigurarea func\u021bionalit\u0103\u021bii depline a podului Gura B\u00e2cului-B\u00e2cioc, relans\u0103rii activit\u0103\u021bii grupurilor de lucru pentru drepturile omului, evit\u0103rii abord\u0103rii pe agend\u0103 a unor subiecte ce \u021bin rela\u021biile bilaterale dintre Republica Moldova \u0219i Ucraina, cum ar fi, de exemplu, desf\u0103\u0219urarea controlului \u00een comun pe segmentul central al frontierei moldo-ucrainene.<\/p>\n<p>\u201eScopul nostru este de a livra servicii pentru locuitorii de pe ambele maluri ale Nistrului. (&#8230;) Credem c\u0103 este important ca dialogul s\u0103 se centreze pe elemente pragmatice, axate pe interesele \u0219i problemele popula\u021biei. Ne dorim ca lucrurile care se petrec \u00een jurul nostru s\u0103 fie mai pu\u021bin haotice, mai pu\u021bin contradictorii \u0219i mai pu\u021bin confuze\u201d, a declarat Cristina Lesnic.<\/p>\n<p>La r\u00e2ndul s\u0103u, reprezentantul politic al Tiraspolului, Vitali Ignatiev, a declarat c\u0103 exist\u0103 \u201eunele probleme tehnice\u201d \u00een procesul de apostilare a diplomelor emise \u00een Transnistria, spun\u00e2nd c\u0103 p\u00e2n\u0103 \u00een acest moment au fost eliberate circa 250 de documente neutre.<\/p>\n<p>Reprezentantul Special al OSCE pentru reglementarea transnistrean\u0103, Franco Frattini, a anun\u021bat c\u0103 Organiza\u021bia va oferi sprijin financiar pentru deschiderea oficiilor de \u00eenmatriculare a automobilelor din regiunea transnistrean\u0103 pentru admiterea lor \u00een traficul interna\u021bional, care vor func\u021biona la Tiraspol \u0219i R\u00e2bni\u021ba \u00eencep\u00e2nd cu 1 septembrie curent.<\/p>\n<p>Mediatorii \u0219i observatorii au \u00eendemnat p\u0103r\u021bile s\u0103 definitiveze solu\u021bionarea problemei referitoare la asigurarea accesului fermierilor din raionul Dub\u0103sari la terenurile agricole amplasate dup\u0103 traseul R\u00e2bni\u021ba-Tiraspol, s\u0103 stabileasc\u0103 un mecanism viabil de implementare a deciziei protocolare privind organizarea interac\u021biunii \u00een sfera telecomunica\u021biilor din 25 noiembrie 2017 \u0219i s\u0103 asigure demararea procedurilor menite s\u0103 ofere acces \u00een traficul rutier interna\u021bional a autovehiculelor din regiunea transnistrean\u0103.<\/p>\n<p>Reamintim c\u0103 ultima rund\u0103 de negocieri \u00een formatul \u201c5+2\u201d s-a desf\u0103\u015furat \u00een perioada 27-28 noiembrie 2017 la Viena, sub egida Pre\u0219edin\u021biei Austriei \u00een OSCE.<\/p>\n<p>Sursa:\u00a0<a href=\"http:\/\/www.ziarulnational.md\/runda-de-negocieri-in-formatul-5-2-la-roma-r-moldova-a-raportat-ca-a-apostilat-zeci-de-diplome-de-studii-din-regiunea-transnistreana\/\">http:\/\/www.ziarulnational.md\/<\/a><\/p>\n","protected":false},"excerpt":{"rendered":"<p>Autorit\u0103\u021bile de la Chi\u0219in\u0103u au apostilat, p\u00e2n\u0103 \u00een prezent, 42 de diplome de studii din regiunea transnistrean\u0103, conform \u00een\u021belegerii la care s-a ajuns \u00een toamna anului trecut la Viena. Cifra a fost prezentat\u0103 ast\u0103zi la Roma, Italia, de c\u0103tre vicepremierul pentru Politici de Reintegrare, Cristina Lesnic, \u00een cadrul unei conferin\u021be de pres\u0103 dup\u0103 o nou\u0103&#8230;<\/p>\n","protected":false},"author":2,"featured_media":0,"comment_status":"closed","ping_status":"open","sticky":false,"template":"","format":"standard","meta":[],"categories":[1],"tags":[],"_links":{"self":[{"href":"https:\/\/centers.ulbsibiu.ro\/ccsprise\/lact\/wp-json\/wp\/v2\/posts\/4845"}],"collection":[{"href":"https:\/\/centers.ulbsibiu.ro\/ccsprise\/lact\/wp-json\/wp\/v2\/posts"}],"about":[{"href":"https:\/\/centers.ulbsibiu.ro\/ccsprise\/lact\/wp-json\/wp\/v2\/types\/post"}],"author":[{"embeddable":true,"href":"https:\/\/centers.ulbsibiu.ro\/ccsprise\/lact\/wp-json\/wp\/v2\/users\/2"}],"replies":[{"embeddable":true,"href":"https:\/\/centers.ulbsibiu.ro\/ccsprise\/lact\/wp-json\/wp\/v2\/comments?post=4845"}],"version-history":[{"count":1,"href":"https:\/\/centers.ulbsibiu.ro\/ccsprise\/lact\/wp-json\/wp\/v2\/posts\/4845\/revisions"}],"predecessor-version":[{"id":4846,"href":"https:\/\/centers.ulbsibiu.ro\/ccsprise\/lact\/wp-json\/wp\/v2\/posts\/4845\/revisions\/4846"}],"wp:attachment":[{"href":"https:\/\/centers.ulbsibiu.ro\/ccsprise\/lact\/wp-json\/wp\/v2\/media?parent=4845"}],"wp:term":[{"taxonomy":"category","embeddable":true,"href":"https:\/\/centers.ulbsibiu.ro\/ccsprise\/lact\/wp-json\/wp\/v2\/categories?post=4845"},{"taxonomy":"post_tag","embeddable":true,"href":"https:\/\/centers.ulbsibiu.ro\/ccsprise\/lact\/wp-json\/wp\/v2\/tags?post=4845"}],"curies":[{"name":"wp","href":"https:\/\/api.w.org\/{rel}","templated":true}]}}