{"id":4843,"date":"2018-05-30T16:30:25","date_gmt":"2018-05-30T14:30:25","guid":{"rendered":"https:\/\/centers.ulbsibiu.ro\/ccsprise\/lact\/?p=4843"},"modified":"2018-05-30T16:30:25","modified_gmt":"2018-05-30T14:30:25","slug":"gov-md-cu-privire-la-runda-oficiala-de-negocieri-in-formatul-52-ce-a-avut-loc-la-roma-in-perioada-29-30-mai-2018","status":"publish","type":"post","link":"https:\/\/centers.ulbsibiu.ro\/ccsprise\/lact\/gov-md-cu-privire-la-runda-oficiala-de-negocieri-in-formatul-52-ce-a-avut-loc-la-roma-in-perioada-29-30-mai-2018\/","title":{"rendered":"Gov.md &#8211; Cu privire la runda oficial\u0103 de negocieri \u00een formatul \u201d5+2\u201d ce a avut loc la Roma \u00een perioada 29-30 mai 2018"},"content":{"rendered":"<p>Pe 29 \u0219i 30 mai la Roma, sub egida Pre\u0219edin\u021biei Italiei \u00een OSCE, s-a desf\u0103\u0219urat o nou\u0103 reuniune oficial\u0103 a Conferin\u021bei permanente pe probleme politice \u00een procesul de reglementare transnistrean\u0103 (formatul de negocieri \u201c5+2\u201d).<\/p>\n<p>Lucr\u0103rile reuniunii au fost dedicate examin\u0103rii progreselor \u00eenregistrate de c\u0103tre Chi\u0219in\u0103u \u0219i Tiraspol \u00een procesul de implementare a angajamentelor stabilite \u00een a\u0219a-numitul pachet Berlin plus, precum \u0219i efectu\u0103rii unui schimb de opinii vizavi de m\u0103surile ce se impun a fi \u00eentreprinse ulterior \u00een vederea solu\u021bion\u0103rii definitive a acestora \u00een corespundere cu angajamentele asumate \u0219i cu parametrii agrea\u021bi.<\/p>\n<p>Mediatorii \u0219i observatorii au apreciat \u00eenalt dinamica punerii \u00een aplicare a \u00een\u021belegerilor convenite pe asigurarea bunei func\u021bion\u0103ri a \u0219colilor cu predare \u00een grafia latin\u0103 din regiunea transnistrean\u0103, apostil\u0103rii actelor de studii, demar\u0103rii procesului de evaluare a st\u0103rii tehnice a podului dintre satele Gura-B\u00e2cului \u0219i B\u00e2cioc, precum \u0219i au \u00eendemnat p\u0103r\u021bile s\u0103 definitiveze solu\u021bionarea problemei referitoare la asigurarea accesului fermierilor din raionul Dub\u0103sari la terenurile agricole amplasate dup\u0103 traseul R\u00e2bni\u021ba-Tiraspol, s\u0103 stabileasc\u0103 un mecanism viabil de implementare a deciziei protocolare privind organizarea interac\u021biunii \u00een sfera telecomunica\u021biilor din 25 noiembrie 2017 \u0219i s\u0103 asigure demararea procedurilor menite s\u0103 ofere acces \u00een traficul rutier interna\u021bional a autovehiculelor din regiunea transnistrean\u0103.<\/p>\n<p>Referitor la celelalte dou\u0103 subiecte actuale de pe agenda negocierilor (chestiunea dosarelor \u0219i asigurarea liberei circula\u021bii) s-a reiterat necesitatea de a se identifica solu\u021bii \u00een corespundere cu cele agreate \u00een protocoalele Berlin \u0219i Viena ale \u0219edin\u021belor formatului de negocieri \u201c5+2\u201d din 2017 \u0219i 2018, \u00een prevederile pct.5 din decizia protocolar\u0103 despre utilizarea terenurilor agricole din 25 noiembrie 2017, precum \u0219i cu luarea \u00een considerare a indispensabilit\u0103\u021bii elimin\u0103rii tuturor barierelor \u00een calea liberei circula\u021bii a locuitorilor de pe ambele maluri ale Nistrului.<\/p>\n<p>S-a confirmat disponibilitatea p\u0103r\u021bilor de a canaliza eforturile spre ob\u021binerea unor rezultate concrete, cu o men\u021binere ritmic\u0103 a activit\u0103\u021bilor la toate nivelurile procesului de negocieri, continuarea interac\u021bion\u0103rii productive \u00eentru solu\u021bionarea altor probleme actuale cu care se confrunt\u0103 locuitorii de pe ambele maluri ale Nistrului.<\/p>\n<p>\u00cen cadrul reuniunii negociatorul-\u0219ef din partea Chi\u0219in\u0103ului, Vicepremierul Cristina Lesnic a reiterat \u0219i a punctat necesitatea aducerii la bun sf\u00e2r\u0219it a problemei privind asigurarea func\u021bionalit\u0103\u021bii depline a podului Gura B\u00e2cului-B\u00e2cioc, relans\u0103rii activit\u0103\u021bii grupurilor de lucru pentru drepturile omului, evit\u0103rii abord\u0103rii pe agend\u0103 a unor subiecte ce \u021bin rela\u021biile bilaterale dintre Republica Moldova \u0219i Ucraina (de ex.: desf\u0103\u0219urarea controlului \u00een comun pe segmentul central al frontierei moldo-ucrainene), livr\u0103rii beneficiilor concrete pentru popula\u021bia de pe ambele maluri ale Nistrului, excluderii situa\u021biilor de imprevizibilitate \u0219i confuzie.<\/p>\n<p>\u00cen rezultatul discu\u021biilor purtate \u00een formatul de negocieri \u201d5+2\u201d a fost semnat un protocol al \u0219edin\u021bei, care va servi drept baz\u0103 pentru desf\u0103\u0219urarea de mai departe a procesului de negocieri privind reglementarea transnistrean\u0103.<\/p>\n<p>Sursa:\u00a0<a href=\"https:\/\/gov.md\/ro\/content\/cu-privire-la-runda-oficiala-de-negocieri-formatul-52-ce-avut-loc-la-roma-perioada-29-30-mai\">https:\/\/gov.md\/<\/a><\/p>\n","protected":false},"excerpt":{"rendered":"<p>Pe 29 \u0219i 30 mai la Roma, sub egida Pre\u0219edin\u021biei Italiei \u00een OSCE, s-a desf\u0103\u0219urat o nou\u0103 reuniune oficial\u0103 a Conferin\u021bei permanente pe probleme politice \u00een procesul de reglementare transnistrean\u0103 (formatul de negocieri \u201c5+2\u201d). Lucr\u0103rile reuniunii au fost dedicate examin\u0103rii progreselor \u00eenregistrate de c\u0103tre Chi\u0219in\u0103u \u0219i Tiraspol \u00een procesul de implementare a angajamentelor stabilite \u00een&#8230;<\/p>\n","protected":false},"author":2,"featured_media":0,"comment_status":"closed","ping_status":"open","sticky":false,"template":"","format":"standard","meta":[],"categories":[1],"tags":[],"_links":{"self":[{"href":"https:\/\/centers.ulbsibiu.ro\/ccsprise\/lact\/wp-json\/wp\/v2\/posts\/4843"}],"collection":[{"href":"https:\/\/centers.ulbsibiu.ro\/ccsprise\/lact\/wp-json\/wp\/v2\/posts"}],"about":[{"href":"https:\/\/centers.ulbsibiu.ro\/ccsprise\/lact\/wp-json\/wp\/v2\/types\/post"}],"author":[{"embeddable":true,"href":"https:\/\/centers.ulbsibiu.ro\/ccsprise\/lact\/wp-json\/wp\/v2\/users\/2"}],"replies":[{"embeddable":true,"href":"https:\/\/centers.ulbsibiu.ro\/ccsprise\/lact\/wp-json\/wp\/v2\/comments?post=4843"}],"version-history":[{"count":1,"href":"https:\/\/centers.ulbsibiu.ro\/ccsprise\/lact\/wp-json\/wp\/v2\/posts\/4843\/revisions"}],"predecessor-version":[{"id":4844,"href":"https:\/\/centers.ulbsibiu.ro\/ccsprise\/lact\/wp-json\/wp\/v2\/posts\/4843\/revisions\/4844"}],"wp:attachment":[{"href":"https:\/\/centers.ulbsibiu.ro\/ccsprise\/lact\/wp-json\/wp\/v2\/media?parent=4843"}],"wp:term":[{"taxonomy":"category","embeddable":true,"href":"https:\/\/centers.ulbsibiu.ro\/ccsprise\/lact\/wp-json\/wp\/v2\/categories?post=4843"},{"taxonomy":"post_tag","embeddable":true,"href":"https:\/\/centers.ulbsibiu.ro\/ccsprise\/lact\/wp-json\/wp\/v2\/tags?post=4843"}],"curies":[{"name":"wp","href":"https:\/\/api.w.org\/{rel}","templated":true}]}}