{"id":4841,"date":"2018-05-30T16:27:33","date_gmt":"2018-05-30T14:27:33","guid":{"rendered":"https:\/\/centers.ulbsibiu.ro\/ccsprise\/lact\/?p=4841"},"modified":"2020-06-12T12:42:08","modified_gmt":"2020-06-12T10:42:08","slug":"europalibera-org-oazu-nantoi-clasa-politica-din-republica-moldova-merge-pe-calea-tradarii-intereselor-nationale","status":"publish","type":"post","link":"https:\/\/centers.ulbsibiu.ro\/ccsprise\/lact\/europalibera-org-oazu-nantoi-clasa-politica-din-republica-moldova-merge-pe-calea-tradarii-intereselor-nationale\/","title":{"rendered":"Europalibera.org &#8211; Oazu Nantoi: \u201eClasa politic\u0103 din Republica Moldova merge pe calea tr\u0103d\u0103rii intereselor na\u021bionale\u201d"},"content":{"rendered":"<ul class=\"links__list links__list--column\">\n<li class=\"links__item\"><a class=\"links__item-link\" title=\"Valentina Ursu\" href=\"https:\/\/www.europalibera.org\/author\/20537.html\">Valentina Ursu<\/a><\/li>\n<\/ul>\n<div class=\"intro content-offset\">\n<p>La Roma are loc o nou\u0103 rund\u0103 de discu\u021bii \u00een a\u0219a-numitul format 5+2.<\/p>\n<\/div>\n<div id=\"article-content\" class=\"content-floated-wrap fb-quotable\">\n<div class=\"wsw\">\n<p><em>O nou\u0103 rund\u0103 de negocieri \u00een formatul 5+2 are loc la Roma. Printre subiectele discutate sunt priorit\u0103\u021bile \u00een procesul de reglementare transnistrean\u0103 pentru perioada urm\u0103toare. P\u00e2n\u0103 acum au fost semnate mai multe protocoale dintre Chi\u0219in\u0103u \u0219i Tiraspol, care se refer\u0103 la \u0219colile cu predare \u00een limba rom\u00e2n\u0103, accesul fermierilor din raionul Dub\u0103sari la terenurile agricole, telefonia fix\u0103 \u0219i mobil\u0103 \u00eentre ambele maluri, dar \u015fi admiterea transportului auto din regiunea transnistrean\u0103 \u00een traficul interna\u0163ional. Analistul politic Oazu Nantoi crede c\u0103 negocierile care se poat\u0103 nu au nimic \u00een comun cu rezolvarea conflictului transnistrean. <\/em><\/p>\n<\/div>\n<p><strong>Europa Liber\u0103: Ce a\u0219tept\u0103ri trebuie s\u0103 aib\u0103 opinia public\u0103 de la aceste negocieri?<\/strong><\/p>\n<p><strong>Oazu Nantoi: <\/strong>\u201eDac\u0103 opinia public\u0103 ar fi recitit atent Constitu\u021bia Republicii Moldova, atunci opinia public\u0103 din Republica Moldova ar fi constatat c\u0103 aceste a\u0219a-zise negocieri nu au nimic comun cu solu\u021bionarea conflictului transnistrean, care nici conflict nu este, dac\u0103 ne uit\u0103m la rela\u021biile dintre oamenii de r\u00e2nd de pe malul st\u00e2ng \u0219i malul drept al Nistrului. Deci, aceast\u0103 rund\u0103 face parte din rutina promovat\u0103 de OSCE, care are nevoie de mimarea procesului de negocieri, pe c\u00e2nd \u00een Republica Moldova se observ\u0103 tendin\u021ba de segregare, s\u0103 spunem a\u0219a, a regiunilor. \u00cen situa\u021bia c\u00e2nd Chi\u0219in\u0103ul, din motive neclare, \u00eei ofer\u0103 malului st\u00e2ng ni\u0219te atribu\u021bii care \u00eei permit malului st\u00e2ng s\u0103 fie independent \u00een raport cu Republica Moldova \u0219i s\u0103 insiste asupra a\u0219a-zisului referendum care presupune, chipurile, dragoste ne\u021b\u0103rmurit\u0103 fa\u021b\u0103 de Rusia \u0219i niciun fel de \u00een\u021belegeri politice privind un stat integru \u00een baza Constitu\u021biei Republicii Moldova. Prin urmare, OSCE-ul \u00ee\u0219i are interesul s\u0103u; cei care stau \u00een spatele unor decizii protocolare au interesele lor. Eu am \u00een vedere c\u0103, dac\u0103 ne uit\u0103m la activitatea companiei Interdnestrcom din st\u00e2nga Nistrului este una, dac\u0103 ne uit\u0103m la declara\u021biile unui oarecare Krasnoselski privind statutul terenurilor agricole pe care vor avea posibilitatea s\u0103 le prelucreze fermierii moldoveni este cu totul alta. Repet: nimic din domeniul rezolv\u0103rii problemei \u0219i crearea unui stat integru, democratic \u0219i func\u021bional \u00een limitele frontierelor recunoscute de comunitatea interna\u021bional\u0103.\u201d<\/p>\n<p><strong>Europa Liber\u0103: Iat\u0103 tocmai \u00een acest timp c\u00e2nd la Roma au loc aceste negocieri \u00een formatul \u201e5+2\u201d a f\u0103cut o declara\u021bie liderul regiunii transnistrene, spun\u00e2nd c\u0103 Tiraspolul nu are de g\u00e2nd s\u0103 se conformeze cerin\u021belor Republicii Moldova \u0219i s\u0103 scoat\u0103 punctul vamal de control intern de pe podul B\u00e2cioc &#8211; Gura B\u00e2cului. Spre care conciliere duc aceste tratative dintre Chi\u0219in\u0103u \u0219i Tiraspol?<\/strong><\/p>\n<p><strong>Oazu Nantoi: <\/strong>\u201e\u00cen primul r\u00e2nd, \u00een Republica Moldova se observ\u0103 o debandad\u0103 \u00een ceea ce prive\u0219te terminologia utilizat\u0103 \u00een raport cu autorit\u0103\u021bile din st\u00e2nga Nistrului. Cuv\u00e2ntul <em>lider<\/em>, din c\u00e2te eu pricep, are conota\u021bii pozitive, pe c\u00e2nd dl Vadim Krasnoselski, dac\u0103 pornim de la Constitu\u021bia Republicii Moldova, este vinovat de uzurparea puterii pe o parte din teritoriul Republicii Moldova, ceea ce este cea mai grav\u0103 crim\u0103. Al doilea moment: eu repet c\u0103 \u00een st\u00e2nga Nistrului are loc un joc dublu sau triplu. Ei ob\u021bin \u00een baza unor \u00een\u021belegeri obscure cu malul drept ni\u0219te posibilit\u0103\u021bi de a fi independen\u021bi economic \u0219i export\u0103 pe pia\u021ba Uniunii Europene f\u0103r\u0103 niciun fel de probleme; ei nu cedeaz\u0103 nicio iot\u0103 \u00een ceea ce prive\u0219te statutul politic al acestei regiuni. Ce e drept, nimeni nu mi-a r\u0103spuns la \u00eentrebarea: Dar de ce ar trebui aceast\u0103 regiune s\u0103 aib\u0103 vreun statut juridic super-special? \u0218i ei, totodat\u0103, se conformeaz\u0103 politicilor promovate de Moscova, iar noi numim acest proces de degradare a proiectului de statalitate a Republicii Moldova <em>proces de negocieri<\/em> \u0219i ne a\u0219tept\u0103m la miracole care nu \u0219tiu de ce nu se realizeaz\u0103.\u201d<\/p>\n<p>Interviul integral:\u00a0<a href=\"https:\/\/www.europalibera.org\/a\/interviu-oazu-nantoi-conflictul-transnistrean-negocieri-roma\/29257666.html\">https:\/\/www.europalibera.org\/<\/a><\/p>\n<\/div>\n","protected":false},"excerpt":{"rendered":"<p>Valentina Ursu La Roma are loc o nou\u0103 rund\u0103 de discu\u021bii \u00een a\u0219a-numitul format 5+2. O nou\u0103 rund\u0103 de negocieri \u00een formatul 5+2 are loc la Roma. Printre subiectele discutate sunt priorit\u0103\u021bile \u00een procesul de reglementare transnistrean\u0103 pentru perioada urm\u0103toare. P\u00e2n\u0103 acum au fost semnate mai multe protocoale dintre Chi\u0219in\u0103u \u0219i Tiraspol, care se refer\u0103&#8230;<\/p>\n","protected":false},"author":2,"featured_media":0,"comment_status":"closed","ping_status":"open","sticky":false,"template":"","format":"standard","meta":[],"categories":[1],"tags":[],"_links":{"self":[{"href":"https:\/\/centers.ulbsibiu.ro\/ccsprise\/lact\/wp-json\/wp\/v2\/posts\/4841"}],"collection":[{"href":"https:\/\/centers.ulbsibiu.ro\/ccsprise\/lact\/wp-json\/wp\/v2\/posts"}],"about":[{"href":"https:\/\/centers.ulbsibiu.ro\/ccsprise\/lact\/wp-json\/wp\/v2\/types\/post"}],"author":[{"embeddable":true,"href":"https:\/\/centers.ulbsibiu.ro\/ccsprise\/lact\/wp-json\/wp\/v2\/users\/2"}],"replies":[{"embeddable":true,"href":"https:\/\/centers.ulbsibiu.ro\/ccsprise\/lact\/wp-json\/wp\/v2\/comments?post=4841"}],"version-history":[{"count":1,"href":"https:\/\/centers.ulbsibiu.ro\/ccsprise\/lact\/wp-json\/wp\/v2\/posts\/4841\/revisions"}],"predecessor-version":[{"id":4842,"href":"https:\/\/centers.ulbsibiu.ro\/ccsprise\/lact\/wp-json\/wp\/v2\/posts\/4841\/revisions\/4842"}],"wp:attachment":[{"href":"https:\/\/centers.ulbsibiu.ro\/ccsprise\/lact\/wp-json\/wp\/v2\/media?parent=4841"}],"wp:term":[{"taxonomy":"category","embeddable":true,"href":"https:\/\/centers.ulbsibiu.ro\/ccsprise\/lact\/wp-json\/wp\/v2\/categories?post=4841"},{"taxonomy":"post_tag","embeddable":true,"href":"https:\/\/centers.ulbsibiu.ro\/ccsprise\/lact\/wp-json\/wp\/v2\/tags?post=4841"}],"curies":[{"name":"wp","href":"https:\/\/api.w.org\/{rel}","templated":true}]}}