{"id":4838,"date":"2018-05-30T16:24:23","date_gmt":"2018-05-30T14:24:23","guid":{"rendered":"https:\/\/centers.ulbsibiu.ro\/ccsprise\/lact\/?p=4838"},"modified":"2020-06-12T12:42:32","modified_gmt":"2020-06-12T10:42:32","slug":"europalibera-org-ion-leahu-procesul-de-creare-a-conditiilor-ca-transnistria-sa-devina-ceva-este-deja-de-neoprit","status":"publish","type":"post","link":"https:\/\/centers.ulbsibiu.ro\/ccsprise\/lact\/europalibera-org-ion-leahu-procesul-de-creare-a-conditiilor-ca-transnistria-sa-devina-ceva-este-deja-de-neoprit\/","title":{"rendered":"Europalibera.org &#8211; Ion Leahu: Procesul de creare a condi\u021biilor ca Transnistria s\u0103 devin\u0103 ceva este deja de neoprit"},"content":{"rendered":"<p>Valentina Ursu<\/p>\n<p>&nbsp;<\/p>\n<p><em>O n<\/em><span style=\"display: inline !important; float: none; background-color: transparent; color: #1f2124; font-family: 'Skolar-Light_Cyr-Ltn',Georgia,Times,'Times New Roman',serif; font-size: 18px; font-style: italic; font-variant: normal; font-weight: 400; letter-spacing: normal; orphans: 2; text-align: left; text-decoration: none; text-indent: 0px; text-transform: none; -webkit-text-stroke-width: 0px; white-space: normal; word-spacing: 0px;\">ou\u0103 rund\u0103 de negocieri \u00een formatul \u201e5+2\u201d pentru rezolvarea conflictului transnistrean are loc la Roma. Discu\u021biile de dou\u0103 zile sunt prezidate de Franco Frattini, reprezentantul special al pre\u0219edin\u021biei italiene OSCE. \u00cen capitala Italiei este discutat stadiul de implementare a celor \u0219ase \u00een\u021belegeri semnate de p\u0103r\u021bi \u00een noiembrie 2017 \u0219i aprilie 2018, referitoare la \u00eenl\u0103turarea unor bariere \u00een rela\u021biile dintre locuitorii de pe cele dou\u0103 maluri ale Nistrului. Ion Leahu, fost reprezentant \u00een CUC e de p\u0103rere c\u0103 negocierile duc la federalizarea de facto a Republicii Moldova.<\/span><\/p>\n<p>&nbsp;<\/p>\n<p><strong>Europa Liber\u0103: Ce a\u0219tepta\u021bi de la aceste discu\u021bii care se poart\u0103 \u00een capitala Italiei, \u021bar\u0103 care de\u021bine pre\u0219edin\u021bia la OSCE?<\/strong><\/p>\n<p><strong>Ion Leahu: <\/strong>\u201eNici nu \u0219tii de unde poate s\u0103 sar\u0103 iepurele \u00een situa\u021bia \u00een care noi ne afl\u0103m. Eu am \u00een vedere situa\u021bia \u00een genere; situa\u021bia politic\u0103 de pe glob \u0219i, \u00een special, \u00een regiunea noastr\u0103.\u201d<\/p>\n<p><strong>Europa Liber\u0103: Aceast\u0103 \u00eent\u00e2lnire are loc dup\u0103 ce s-au f\u0103cut compromisuri \u0219i s-a avansat \u00een direc\u021bia \u201epa\u0219ilor mici\u201d. Ce pre\u021b pl\u0103te\u0219te Republica Moldova pentru apropierea celor dou\u0103 maluri ale Nistrului?<\/strong><\/p>\n<p><strong>Ion Leahu: <\/strong>\u201eCompromisurile celea despre care vorbi\u021bi, acele \u0219ase puncte care urmeaz\u0103 s\u0103 fie aprobate la Roma \u0219i, chipurile, \u00een cazul c\u00e2nd se ajunge la decizia c\u0103 ele nu sunt rezolvate, s\u0103 fie indicate noi termene. Deci, dac\u0103 mergem pe acest f\u0103ga\u0219, evident c\u0103 putem avea o singur\u0103 concluzie \u2013 niciun fel de perspective de reglementare a conflictului nu putem a\u0219tepta de la acest format.\u201d<\/p>\n<p><strong>Europa Liber\u0103: De ce sunte\u021bi at\u00e2t de categoric? Oricum sunt \u0219ase \u00een\u021belegeri acceptate de Chi\u0219in\u0103u \u0219i Tiraspol menite s\u0103 \u00eenl\u0103ture barierele \u00een rela\u021biile dintre locuitorii de pe ambele maluri ale Nistrului.<\/strong><\/p>\n<p><strong>Ion Leahu: <\/strong>\u201eToate acestea \u0219ase, chiar \u0219i opt puncte din Protocolul de la Berlin, chiar \u0219i mai multe care sunt de acum sonorizate de partea transnistrean\u0103, nu au nimic comun cu reglementarea transnistrean\u0103.\u201d<\/p>\n<p><strong>Europa Liber\u0103: Dvs. face\u021bi trimitere la faptul c\u0103 nu a fost deschis co\u0219ul negocierilor politice\u2026<\/strong><\/p>\n<p><strong>Ion Leahu: <\/strong>\u201eEvident, evident!\u201d<\/p>\n<p><strong>Europa Liber\u0103: \u0218i exper\u021bii vorbesc despre aceast\u0103 formul\u0103 a \u201epa\u0219ilor mici\u201d care ar duce la elemente de federalizare.<\/strong><\/p>\n<p><strong>Ion Leahu: <\/strong>\u201eEu a\u0219 spune \u00eenc\u0103 \u0219i mai mult. Admitem c\u0103 se ia o decizie \u0219i p\u0103r\u021bile ajung la concluzia c\u0103 trebuie de asigurat libertatea circula\u021biei popula\u021biei \u00een Zona de securitate. Stop! Cine o va asigura? \u00cen partea st\u00e2ng\u0103 a Nistrului activeaz\u0103 mili\u021bia unui regim nerecunoscut. Noi recunoa\u0219tem dreptul acestei mili\u021bii s\u0103 asigure dreptul cet\u0103\u021beanului. Asta este un nonsens categoric. \u00cen acela\u0219i timp, din 21 iunie 1992, \u00een teritoriul Republicii Moldova, \u00een a\u0219a-numita Zon\u0103 de securitate activeaz\u0103 opera\u021biunea de men\u021binere a p\u0103cii, care are o sumedenie de mecanisme \u0219i care nu sunt puse \u00een circula\u021bie. Mai mult ca at\u00e2t, \u00een ultimul timp, \u00een genere, la negocierile \u00een formatul \u201e5+2\u201d se discut\u0103 a\u0219a de parc\u0103 n-ar fi aceast\u0103 opera\u021biune de men\u021binere a p\u0103cii \u0219i, \u00eentr-adev\u0103r, toate problemele le solu\u021bioneaz\u0103 ace\u0219ti doi factori \u2013 Chi\u0219in\u0103ul \u0219i Tiraspolul.\u201d<\/p>\n<p><strong>Europa Liber\u0103: Dar cine ar trebui s\u0103 le solu\u021bioneze, dac\u0103 nu Chi\u0219in\u0103ul \u0219i Tiraspolul, cele dou\u0103 p\u0103r\u021bi care urmeaz\u0103 s\u0103 g\u0103seasc\u0103 un compromis, inclusiv atunci c\u00e2nd va fi vorba despre o reglementare politic\u0103 a conflictului?<\/strong><\/p>\n<p><strong>Ion Leahu: <\/strong>\u201eDoamn\u0103 Valentina, nu poate s\u0103 reglementeze, s\u0103 discute, s\u0103 lucreze la egal un subiect al dreptului interna\u021bional \u0219i o forma\u021biune nerecunoscut\u0103. Pornind de la asta, de acum marea \u00eentrebare e: cine, \u00een genere, discut\u0103? Repet \u00eenc\u0103 o dat\u0103: exist\u0103 opera\u021biunea de pacificare format\u0103 \u00een baza Acordului de la Moscova, acord ratificat de c\u0103tre Parlamentul Republicii Moldova \u0219i depozitat la OSCE. Deci, este document \u0219i este structur\u0103 absolut legitim\u0103, ea ar putea \u2013 at\u00e2ta timp c\u00e2t nu-i deschis co\u0219ul trei \u2013 s\u0103-\u0219i asume mai multe obliga\u021biuni. Dar noi vedem contrariul. \u00cen plin\u0103 desf\u0103\u0219urare a opera\u021biunii de men\u021binere a p\u0103cii, transnistrenii declar\u0103 deschis: \u201e\u00eenc\u0103lc\u0103m, vom \u00eenc\u0103lca pe viitor \u0219i n-o s\u0103 ne face\u021bi nimic\u201d. Deschid terminal la B\u00e2cioc \u0219i prin asta, de fapt, compromit completamente acordul referitor la deschiderea circula\u021biei peste acest pod; pun posturi temporare, vame\u0219i \u0219i gr\u0103niceri \u00een Bender \u0219i iar\u0103\u0219i submineaz\u0103 toate acordurile care \u021bin de opera\u021biunea de men\u021binere a p\u0103cii. Dar nou\u0103 ni se spune c\u0103 \u201enoi, iat\u0103, vom discuta referitor la libertatea circula\u021biei\u201d. Stop, oameni buni! A func\u021bionat mai mul\u021bi ani regulamentul provizoriu cu privire la rela\u021biile \u00eentre structurile de men\u021binere a ordinii publice transnistrene \u0219i chi\u0219in\u0103uiene, ca p\u00e2n\u0103 la urm\u0103 tot Chi\u0219in\u0103ul s\u0103 retrag\u0103 acest document cu formularea c\u0103 \u201enu este constitu\u021bional\u201d.<\/p>\n<p>&nbsp;<\/p>\n<p>Interviul integral:\u00a0<a href=\"https:\/\/www.europalibera.org\/a\/interviu-ion-leahu-negocieri-conflictul-transnistrean\/29257678.html\">https:\/\/www.europalibera.org\/<\/a><\/p>\n","protected":false},"excerpt":{"rendered":"<p>Valentina Ursu &nbsp; O nou\u0103 rund\u0103 de negocieri \u00een formatul \u201e5+2\u201d pentru rezolvarea conflictului transnistrean are loc la Roma. Discu\u021biile de dou\u0103 zile sunt prezidate de Franco Frattini, reprezentantul special al pre\u0219edin\u021biei italiene OSCE. \u00cen capitala Italiei este discutat stadiul de implementare a celor \u0219ase \u00een\u021belegeri semnate de p\u0103r\u021bi \u00een noiembrie 2017 \u0219i aprilie 2018,&#8230;<\/p>\n","protected":false},"author":2,"featured_media":0,"comment_status":"closed","ping_status":"open","sticky":false,"template":"","format":"standard","meta":[],"categories":[1],"tags":[],"_links":{"self":[{"href":"https:\/\/centers.ulbsibiu.ro\/ccsprise\/lact\/wp-json\/wp\/v2\/posts\/4838"}],"collection":[{"href":"https:\/\/centers.ulbsibiu.ro\/ccsprise\/lact\/wp-json\/wp\/v2\/posts"}],"about":[{"href":"https:\/\/centers.ulbsibiu.ro\/ccsprise\/lact\/wp-json\/wp\/v2\/types\/post"}],"author":[{"embeddable":true,"href":"https:\/\/centers.ulbsibiu.ro\/ccsprise\/lact\/wp-json\/wp\/v2\/users\/2"}],"replies":[{"embeddable":true,"href":"https:\/\/centers.ulbsibiu.ro\/ccsprise\/lact\/wp-json\/wp\/v2\/comments?post=4838"}],"version-history":[{"count":1,"href":"https:\/\/centers.ulbsibiu.ro\/ccsprise\/lact\/wp-json\/wp\/v2\/posts\/4838\/revisions"}],"predecessor-version":[{"id":4839,"href":"https:\/\/centers.ulbsibiu.ro\/ccsprise\/lact\/wp-json\/wp\/v2\/posts\/4838\/revisions\/4839"}],"wp:attachment":[{"href":"https:\/\/centers.ulbsibiu.ro\/ccsprise\/lact\/wp-json\/wp\/v2\/media?parent=4838"}],"wp:term":[{"taxonomy":"category","embeddable":true,"href":"https:\/\/centers.ulbsibiu.ro\/ccsprise\/lact\/wp-json\/wp\/v2\/categories?post=4838"},{"taxonomy":"post_tag","embeddable":true,"href":"https:\/\/centers.ulbsibiu.ro\/ccsprise\/lact\/wp-json\/wp\/v2\/tags?post=4838"}],"curies":[{"name":"wp","href":"https:\/\/api.w.org\/{rel}","templated":true}]}}