{"id":4836,"date":"2018-05-29T18:04:35","date_gmt":"2018-05-29T16:04:35","guid":{"rendered":"https:\/\/centers.ulbsibiu.ro\/ccsprise\/lact\/?p=4836"},"modified":"2020-06-12T18:45:17","modified_gmt":"2020-06-12T16:45:17","slug":"deschide-md-iulian-chifu-pasii-mici-intre-compromis-acceptabil-si-tradare-nationala","status":"publish","type":"post","link":"https:\/\/centers.ulbsibiu.ro\/ccsprise\/lact\/deschide-md-iulian-chifu-pasii-mici-intre-compromis-acceptabil-si-tradare-nationala\/","title":{"rendered":"Deschide.md &#8211; Iulian CHIFU \/\/ Pa\u0219ii mici: \u00eentre compromis acceptabil \u0219i tr\u0103dare na\u021bional\u0103"},"content":{"rendered":"<p><strong>Suntem \u00een aceste zile \u00een fa\u021ba unei noi \u00eent\u00e2lniri \u00een format 5+2 la Roma, de aceast\u0103 dat\u0103.<\/strong><\/p>\n<p data-textformat=\"{&quot;ff&quot;:&quot;times new roman,liberation serif,serif&quot;,&quot;fw&quot;:&quot;bold&quot;,&quot;size&quot;:14}\" data-doc-rid=\"74n948d6eaf0ad7b743aaa9a73e38ba43c253\">O \u00eent\u00e2lnire care se desf\u0103\u0219oar\u0103 dup\u0103 ce s-au f\u0103cut compromisuri importante \u0219i s-a avansat substan\u021bial pe direc\u021bia satisfacerii\u00a0\u201epa\u0219ilor mici\u201d, \u00een condi\u021biile unei prezen\u021be controversate, ca s\u0103 nu zic de-a dreptul nocive, a ambasadorului\u00a0Scanlon ca \u0219ef al misiunii OSCE la Chi\u0219in\u0103u, pe ultimii metri, dar \u0219i prin aportul lui\u00a0Franco\u00a0Fratini, trimis special al Italiei care de\u021bine pre\u0219edin\u021bia \u00een exerci\u021biu acest an, trimis special cu afirma\u021bii cel pu\u021bin la fel de controversate \u0219i drumuri excesiv de prietene\u0219ti la Moscova \u0219i, prin intermediari, la Tiraspol. S\u0103 sper\u0103m c\u0103 \u0219i cu avantaje pentru Republica Moldova.<\/p>\n<p data-textformat=\"{&quot;ff&quot;:&quot;times new roman,liberation serif,serif&quot;,&quot;fw&quot;:&quot;bold&quot;,&quot;size&quot;:14}\">Ei bine, scriu acest editorial \u00eenainte ca reuniunea de la Roma s\u0103 se fi consumat. Dar o fac pe baza situa\u021biei existente ast\u0103zi, care ridic\u0103 semne de \u00eentrebare majore. Mai \u00eent\u00e2i, pentru c\u0103 celebra coali\u021bie a liniilor ro\u0219ii, alc\u0103tuit\u0103 din principalele ONG-uri din Republica Moldova, nu mai este consultat\u0103 de autorit\u0103\u021bi, fiind preferate\u00a0variante de\u00a0consilieri\u00a0\u0219i consultan\u021bi\u00a0distinc\u021bi \u0219i abscon\u0219i, \u00een timp ce vice-ministrul pentru Reintegrare, Cristina\u00a0Lisnic, tr\u0103deaz\u0103 inconsisten\u021ba \u0219i\u00a0extrema juvenilitate de c\u00e2nd a luat dosarul,\u00a0cunoa\u0219terea \u00eenc\u0103 secven\u021bial\u0103\u00a0a subiectului\u00a0\u0219i influen\u021bele la care e supus\u0103 de c\u0103tre participan\u021bii \u00een formatul 5+2 c\u0103rora nu poate s\u0103 le \u021bin\u0103 piept \u0219i nu poate s\u0103 le fac\u0103 fa\u021b\u0103.<\/p>\n<p data-textformat=\"{&quot;ff&quot;:&quot;times new roman,liberation serif,serif&quot;,&quot;fw&quot;:&quot;bold&quot;,&quot;size&quot;:14}\">Reuniunea 5+2 de la Roma se desf\u0103\u0219oar\u0103, astfel, sub auspicii complicate. Cu un\u00a0forcing \u00een goana pentru rezultate \u0219i aur\u0103 diplomatic\u0103 din partea mediatorilor, cu presiuni majore pe Republica Moldova, cu ced\u0103ri unilaterale din partea Chi\u0219in\u0103ului \u0219i cu flexibilit\u0103\u021bi nepermise care merg de la compromis rezonabil p\u00e2n\u0103 la tr\u0103darea na\u021bional\u0103. F\u0103r\u0103 a utiliza cuvinte mari, pentru c\u0103 istoria oricum va judeca to\u021bi ace\u0219ti pa\u0219i, cred c\u0103 autorit\u0103\u021bile din Republica Moldova care au f\u0103cut compromisurile \u0219i care au mutat dosarul \u00een m\u00e2inile unei tinere numit\u0103 vice-ministru peste noapte, f\u0103r\u0103 ca fosta sa carier\u0103 s\u0103 o recomande vreodat\u0103 pentru o asemenea pozi\u021bie, vor r\u0103m\u00e2ne responsabile pe deplin. Nu p\u00e2n\u0103 la urm\u0103torul mandat sau la viitoarele alegeri, ci \u00een veac. A\u0219a cum ast\u0103zi sunt regretate anumite abord\u0103ri din trecut \u0219i personajele care au semnat diferitele documente ale\u00a0\u201estatului comun\u201d al lui Primakov sau care validaser\u0103\u00a0Memorandumul\u00a0Kozak r\u0103m\u00e2n \u00een istorie, la fel \u0219i cele care au lupta contra acestor abera\u021bii \u0219i au blocat acel memorandum nociv \u0219i federalizarea Republicii Moldova.<\/p>\n<p data-textformat=\"{&quot;ff&quot;:&quot;times new roman,liberation serif,serif&quot;,&quot;fw&quot;:&quot;bold&quot;,&quot;size&quot;:14}\"><strong>Federalizarea\u00a0de facto a Republicii Moldova. Cu ce avantaje?<\/strong><\/p>\n<p data-textformat=\"{&quot;ff&quot;:&quot;times new roman,liberation serif,serif&quot;,&quot;size&quot;:14}\">Cum arat\u0103 ast\u0103zi situa\u021bia negocierilor cu Tiraspolul? \u00cen primul r\u00e2nd, trebuie notat faptul c\u0103\u00a0Acordul de Asociere cu Uniunea European\u0103, cu componenta sa de Acord de Liber Schimb Aprofundat \u0219i Extins \u2013 DCFTA \u2013 ca \u0219i libera circula\u021bie a persoanelor\u00a0a avut un profund efect pozitiv. Cet\u0103\u021benii, \u00eentr-o larg\u0103 majoritate, \u0219i companiile\u00a0care fac exporturi s-au \u00eenscris \u00een regulile \u00eenregistr\u0103rii ca cet\u0103\u021beni ai Republicii Moldova \u0219i companii \u00eenregistrate \u00een Republica Moldova pentru a beneficia de aceste avantaje indiscutabile.<\/p>\n<p data-textformat=\"{&quot;ff&quot;:&quot;times new roman,liberation serif,serif&quot;,&quot;size&quot;:14}\">Schimburile economice sunt dominate de Rom\u00e2nia, inclusiv cele pe regiunea separatist\u0103, acolo unde Bucure\u0219tiul domin\u0103 de la distan\u021b\u0103 Moscova \u0219i Kievul dimpreun\u0103, la nivelul schimburilor economice ale regiunii separatiste. Fire\u0219te UE \u00een \u00eentregimea sa beneficiaz\u0103, cu bune \u0219i rele, de aceast\u0103 formul\u0103 care marcheaz\u0103, dincolo de asimetria accesului la pie\u021be, de dezavantajele asumate de statele UE, cu prec\u0103dere de Rom\u00e2nia,\u00a0integrarea real\u0103 a pie\u021bei separatiste \u00een cea\u00a0european\u0103, pe\u00a0brandul\u00a0de \u021bar\u0103 al\u00a0Republicii Moldova.<\/p>\n<p data-textformat=\"{&quot;ff&quot;:&quot;times new roman,liberation serif,serif&quot;,&quot;size&quot;:14}\">Pe de alt\u0103 parte,\u00a0formula\u00a0\u201cpa\u0219ilor mici\u201d, dincolo de deschiderea general\u0103 c\u0103tre\u00a0integrare \u0219i preluarea controlului autorit\u0103\u021bilor legitime, a dus, prin formula compromisurilor impuse Republicii Moldova, \u0219i acceptate de guvernul actual peste noapte, la elemente de\u00a0federalism\u00a0de facto, extrem de nocive\u00a0func\u021bionalit\u0103\u021bii statului Republica Moldova \u0219i nociv\u0103 ca precedent pentru perspectiva de acord pentru Ucraina \u00een privin\u021ba teritoriului s\u0103u din regiunea\u00a0Donbas, subiect al agresiunii militare ruse \u00een regiune, cu tot cu p\u0103pu\u0219ile locale scoase din joben. F\u0103r\u0103 a deschide co\u0219ul negocierilor politice, Chi\u0219in\u0103ul a acceptat\u00a0acorduri secven\u021biale care afecteaz\u0103 coeziunea statal\u0103 \u0219i desemneaz\u0103\u00a0a priori, f\u0103r\u0103 nici o negociere direct\u0103 \u0219i f\u0103r\u0103 a aborda tema real\u0103,\u00a0elemente de federalism pe domenii concrete.\u00a0\u201ePa\u0219ii mici\u201d s-au transformat \u00eentr-o p\u0103c\u0103leal\u0103 prin care Chi\u0219in\u0103ul a acceptat\u00a0de facto federalizarea cu Tiraspolul pe domenii concrete, iar lucrurile merg \u00eenainte.<\/p>\n<p data-textformat=\"{&quot;ff&quot;:&quot;times new roman,liberation serif,serif&quot;,&quot;size&quot;:14}\"><strong>De ce s-ar mai reuni cineva din raioanele de Est ale Republicii Moldova cu Chi\u0219in\u0103ul?<\/strong><\/p>\n<p data-textformat=\"{&quot;ff&quot;:&quot;times new roman,liberation serif,serif&quot;,&quot;size&quot;:14}\">O alt\u0103 tem\u0103 fundamental\u0103, de principiu, care a intervenit este faptul c\u0103\u00a0Republica Moldova a cedat toate avantajele \u0219i drepturile c\u0103tre cet\u0103\u021benii s\u0103i din raioanele de\u00a0r\u0103s\u0103rit ale Republicii Moldova, f\u0103r\u0103 a beneficia de avantajele recunoa\u0219terii interna\u021bionale. A\u0219a cum unii au dat \u0219tampilele vamale separati\u0219tilor s\u0103 se descurce singuri, tot astfel, ast\u0103zi autorit\u0103\u021bile de la Chi\u0219in\u0103u au oferit cet\u0103\u021benilor separati\u0219ti tot ce le trebuie ca s\u0103 poat\u0103 tr\u0103i bine, mersi, \u00een autoproclamata lor republic\u0103.<\/p>\n<p data-textformat=\"{&quot;ff&quot;:&quot;times new roman,liberation serif,serif&quot;,&quot;size&quot;:14}\">Mai grav, acelea\u0219i\u00a0autorit\u0103\u021bi\u00a0de la Chi\u0219in\u0103u\u00a0au oferit aiurea, f\u0103r\u0103 nici o constr\u00e2ngere nici un avantaj reciproc,\u00a0roluri \u0219i atribu\u021bii\u00a0autorit\u0103\u021bilor separatiste\u00a0care nu apar \u00eentr-un acord cadru politic, ci se acumuleaz\u0103, pas cu pas, \u00een dreptul Tiraspolului, cu acele autorit\u0103\u021bi care de la nerecunoa\u0219tere au ajuns partenere, semnatare de acorduri, ba \u0219i\u00a0titulare de atribu\u021bii care apar\u021bin statului \u0219i unor autorit\u0103\u021bi legitime, alese \u00een condi\u021bii democratice \u0219i care respect\u0103 autoritatea Chi\u0219in\u0103ului.<\/p>\n<p>O asemenea situa\u021bie ridic\u0103 \u00eentrebarea fundamental\u0103:\u00a0de ce ar mai vrea cineva s\u0103 se reuneasc\u0103 cu Republica Moldova? S\u0103 revin\u0103 \u00een grani\u021bele autorit\u0103\u021bilor constitu\u021bionale? Dac\u0103 cet\u0103\u021benii au toate avantajele, chiar st\u00e2nd sub autorit\u0103\u021bile separatiste, ele nu se vor revolta \u0219i nu vor presa niciodat\u0103 pentru a ob\u021bine reintegrarea, a\u0219a cum nici\u00a0autorit\u0103\u021bile separatiste, pseudo-intitulate pre\u0219edinte, mini\u0219tri, \u0219efi de parlamente,\u00a0nu au nici o\u00a0motiva\u021bie s\u0103 revin\u0103 vreodat\u0103 la Chi\u0219in\u0103u \u0219i s\u0103 recunoasc\u0103 autorit\u0103\u021bile legitime ale Republicii Moldova. Din contra, la Tiraspol au ap\u0103rut atribu\u021bii recunoscute de aceste autorit\u0103\u021bi legitime prin acord, sanc\u021bionate de participan\u021bii la 5+2. \u0218i\u00a0asta se cheam\u0103 tr\u0103dare, dup\u0103 toate regulile dreptului interna\u021bional, inclusiv a celui din Republica Moldova.\u00a0Reintegrarea e am\u00e2nat\u0103\u00a0sine die \u0219i se consolideaz\u0103 separarea \u0219i federalizarea\u00a0de facto.<\/p>\n<p>Textul complet:\u00a0<a href=\"https:\/\/deschide.md\/ro\/stiri\/editorial\/31652\/Iulian-CHIFU--Pa\u0219ii-mici-\u00eentre-compromis-acceptabil%C2%A0\u0219i-tr\u0103dare-na\u021bional\u0103.htm#.Ww0djrSg5UY.facebook\">https:\/\/deschide.md\/<\/a><\/p>\n","protected":false},"excerpt":{"rendered":"<p>Suntem \u00een aceste zile \u00een fa\u021ba unei noi \u00eent\u00e2lniri \u00een format 5+2 la Roma, de aceast\u0103 dat\u0103. O \u00eent\u00e2lnire care se desf\u0103\u0219oar\u0103 dup\u0103 ce s-au f\u0103cut compromisuri importante \u0219i s-a avansat substan\u021bial pe direc\u021bia satisfacerii\u00a0\u201epa\u0219ilor mici\u201d, \u00een condi\u021biile unei prezen\u021be controversate, ca s\u0103 nu zic de-a dreptul nocive, a ambasadorului\u00a0Scanlon ca \u0219ef al misiunii OSCE&#8230;<\/p>\n","protected":false},"author":2,"featured_media":0,"comment_status":"closed","ping_status":"open","sticky":false,"template":"","format":"standard","meta":[],"categories":[1],"tags":[],"_links":{"self":[{"href":"https:\/\/centers.ulbsibiu.ro\/ccsprise\/lact\/wp-json\/wp\/v2\/posts\/4836"}],"collection":[{"href":"https:\/\/centers.ulbsibiu.ro\/ccsprise\/lact\/wp-json\/wp\/v2\/posts"}],"about":[{"href":"https:\/\/centers.ulbsibiu.ro\/ccsprise\/lact\/wp-json\/wp\/v2\/types\/post"}],"author":[{"embeddable":true,"href":"https:\/\/centers.ulbsibiu.ro\/ccsprise\/lact\/wp-json\/wp\/v2\/users\/2"}],"replies":[{"embeddable":true,"href":"https:\/\/centers.ulbsibiu.ro\/ccsprise\/lact\/wp-json\/wp\/v2\/comments?post=4836"}],"version-history":[{"count":1,"href":"https:\/\/centers.ulbsibiu.ro\/ccsprise\/lact\/wp-json\/wp\/v2\/posts\/4836\/revisions"}],"predecessor-version":[{"id":4837,"href":"https:\/\/centers.ulbsibiu.ro\/ccsprise\/lact\/wp-json\/wp\/v2\/posts\/4836\/revisions\/4837"}],"wp:attachment":[{"href":"https:\/\/centers.ulbsibiu.ro\/ccsprise\/lact\/wp-json\/wp\/v2\/media?parent=4836"}],"wp:term":[{"taxonomy":"category","embeddable":true,"href":"https:\/\/centers.ulbsibiu.ro\/ccsprise\/lact\/wp-json\/wp\/v2\/categories?post=4836"},{"taxonomy":"post_tag","embeddable":true,"href":"https:\/\/centers.ulbsibiu.ro\/ccsprise\/lact\/wp-json\/wp\/v2\/tags?post=4836"}],"curies":[{"name":"wp","href":"https:\/\/api.w.org\/{rel}","templated":true}]}}