{"id":4834,"date":"2018-05-29T17:57:36","date_gmt":"2018-05-29T15:57:36","guid":{"rendered":"https:\/\/centers.ulbsibiu.ro\/ccsprise\/lact\/?p=4834"},"modified":"2018-05-29T17:57:36","modified_gmt":"2018-05-29T15:57:36","slug":"infotag-md-investitorii-chinezi-in-domeniul-miningului-sunt-interesati-sa-coopereze-cu-transnistria","status":"publish","type":"post","link":"https:\/\/centers.ulbsibiu.ro\/ccsprise\/lact\/infotag-md-investitorii-chinezi-in-domeniul-miningului-sunt-interesati-sa-coopereze-cu-transnistria\/","title":{"rendered":"Infotag.md &#8211; INVESTITORII CHINEZI \u00ceN DOMENIUL MININGULUI SUNT INTERESA\u021aI S\u0102 COOPEREZE CU TRANSNISTRIA"},"content":{"rendered":"<p>Investitorii chinezi sunt interesa\u021bi de un parteneriat pe termen lung cu Transnistria, \u00een special \u00een domeniul miningului.<br \/>\nPotrivit agen\u0163iei INFOTAG cu referire la site-ul guvernului autoproclamatei RMN, acest subiect a fost discutat \u00een ajun la \u00eentrevederea de la Tiraspol a pre\u015fedintelui executivului, Alexandr Mart\u00eenov, cu o delega\u0163ie din China, condus\u0103 de Richard Leen. Din delega\u0163ie mai face parte reprezentan\u0163i ai unor companii chineze importante de pe pia\u0163a miningului.<br \/>\nPrim-ministrul a spus c\u0103 autorit\u0103\u021bile transnistrene \u201esunt interesate de atragerea investi\u021biilor \u00een economie, de re\u00eenc\u0103rcarea capacit\u0103\u0163ilor de produc\u021bie pe care le au \u00eentreprinderile, \u00een special, cele energetice, de crearea locurilor de munc\u0103 \u0219i de intr\u0103rile valutare \u00een \u021bar\u0103\u201d.<br \/>\n\u201eNoi am adoptat recent Legea cu privire la sus\u0163inerea tehnologiilor blockchain, a c\u0103rei esen\u021b\u0103 este de a face pe teritoriul Transnistriei cele mai avantajoase condi\u021bii pentru mining\u201d, a spus el, invit\u00e2nd oaspe\u021bii \u201es\u0103 viziteze \u00eentreprinderile energetice mari ale republicii\u201d .<br \/>\nPotrivit comunicatului, ei \u201eau fost de acord cu propunerea \u0219i au constatat c\u0103, \u00een urma vizitei de trei zile, se vor \u00eent\u00e2lni din nou la guvern \u0219i vor face totalurile\u201d.<\/p>\n<p>Sursa:\u00a0<a href=\"http:\/\/www.infotag.md\/rebelion-ro\/263494\/\">http:\/\/www.infotag.md\/<\/a><\/p>\n","protected":false},"excerpt":{"rendered":"<p>Investitorii chinezi sunt interesa\u021bi de un parteneriat pe termen lung cu Transnistria, \u00een special \u00een domeniul miningului. Potrivit agen\u0163iei INFOTAG cu referire la site-ul guvernului autoproclamatei RMN, acest subiect a fost discutat \u00een ajun la \u00eentrevederea de la Tiraspol a pre\u015fedintelui executivului, Alexandr Mart\u00eenov, cu o delega\u0163ie din China, condus\u0103 de Richard Leen. Din delega\u0163ie&#8230;<\/p>\n","protected":false},"author":2,"featured_media":0,"comment_status":"closed","ping_status":"open","sticky":false,"template":"","format":"standard","meta":[],"categories":[1],"tags":[],"_links":{"self":[{"href":"https:\/\/centers.ulbsibiu.ro\/ccsprise\/lact\/wp-json\/wp\/v2\/posts\/4834"}],"collection":[{"href":"https:\/\/centers.ulbsibiu.ro\/ccsprise\/lact\/wp-json\/wp\/v2\/posts"}],"about":[{"href":"https:\/\/centers.ulbsibiu.ro\/ccsprise\/lact\/wp-json\/wp\/v2\/types\/post"}],"author":[{"embeddable":true,"href":"https:\/\/centers.ulbsibiu.ro\/ccsprise\/lact\/wp-json\/wp\/v2\/users\/2"}],"replies":[{"embeddable":true,"href":"https:\/\/centers.ulbsibiu.ro\/ccsprise\/lact\/wp-json\/wp\/v2\/comments?post=4834"}],"version-history":[{"count":1,"href":"https:\/\/centers.ulbsibiu.ro\/ccsprise\/lact\/wp-json\/wp\/v2\/posts\/4834\/revisions"}],"predecessor-version":[{"id":4835,"href":"https:\/\/centers.ulbsibiu.ro\/ccsprise\/lact\/wp-json\/wp\/v2\/posts\/4834\/revisions\/4835"}],"wp:attachment":[{"href":"https:\/\/centers.ulbsibiu.ro\/ccsprise\/lact\/wp-json\/wp\/v2\/media?parent=4834"}],"wp:term":[{"taxonomy":"category","embeddable":true,"href":"https:\/\/centers.ulbsibiu.ro\/ccsprise\/lact\/wp-json\/wp\/v2\/categories?post=4834"},{"taxonomy":"post_tag","embeddable":true,"href":"https:\/\/centers.ulbsibiu.ro\/ccsprise\/lact\/wp-json\/wp\/v2\/tags?post=4834"}],"curies":[{"name":"wp","href":"https:\/\/api.w.org\/{rel}","templated":true}]}}