{"id":4832,"date":"2018-05-29T17:55:35","date_gmt":"2018-05-29T15:55:35","guid":{"rendered":"https:\/\/centers.ulbsibiu.ro\/ccsprise\/lact\/?p=4832"},"modified":"2018-05-29T17:55:35","modified_gmt":"2018-05-29T15:55:35","slug":"publika-md-o-noua-runda-de-negocieri-in-formatul-52-are-loc-in-italia-ce-subiecte-prioritare-vor-fi-abordate","status":"publish","type":"post","link":"https:\/\/centers.ulbsibiu.ro\/ccsprise\/lact\/publika-md-o-noua-runda-de-negocieri-in-formatul-52-are-loc-in-italia-ce-subiecte-prioritare-vor-fi-abordate\/","title":{"rendered":"Publika.md &#8211; O nou\u0103 rund\u0103 de negocieri \u00een formatul 5+2 are loc \u00een Italia. Ce subiecte prioritare vor fi abordate"},"content":{"rendered":"<p><strong>O nou\u0103 rund\u0103 de negocieri \u00een formatul 5+2 are loc azi \u015fi m\u00e2ine, \u00een capitala Italiei, Roma. Vor fi abordate subiectele prioritare \u00een procesul de reglementare transnistrean\u0103 pentru perioada urm\u0103toare. La negocieri particip\u0103 viceprim-ministrul pentru Reintegrare, Cristina Lesnic.<\/strong><\/p>\n<p>Vor mai fi prezen\u0163i reprezentan\u0163i ai Tiraspolului, dar \u015fi din partea OSCE, a Federa\u021biei Ruse, Ucrainei, Uniunii Europene \u0219i a Statelor Unite.<\/p>\n<p>Ultima rund\u0103 de negocieri a avut loc \u00een noiembrie 2017, la Viena.<\/p>\n<p>Reprezentan\u021bii OSCE au salutat atunci semnarea mai multor protocoale dintre Chi\u0219in\u0103u \u0219i Tiraspol, care se refereau la \u0219colile cu predare \u00een limba rom\u00e2n\u0103, accesul fermierilor din raionul Dub\u0103sari la terenurile agricole, admiterea ma\u015finilor \u00eenregistrate \u00een regiunea transnistrean\u0103 \u00een traficul interna\u0163ional \u015fi restabilirea telefoniei fixe \u0219i mobile \u00eentre ambele maluri.<\/p>\n<p>Unele dintre aceste probleme Guvernul a reu\u015fit deja s\u0103 le rezolve.<\/p>\n<p>Cite\u0219te mai mult: <a href=\"https:\/\/www.publika.md\/o-noua-runda-de-negocieri-in-formatul-5-2-are-loc-in-italia-ce-subiecte-prioritare-vor-fi-abordate_3007525.html#ixzz5GuHLKakN\">https:\/\/www.publika.md\/o-noua-runda-de-negocieri-in-formatul-5-2-are-loc-in-italia-ce-subiecte-prioritare-vor-fi-abordate_3007525.html#ixzz5GuHLKakN<\/a><\/p>\n","protected":false},"excerpt":{"rendered":"<p>O nou\u0103 rund\u0103 de negocieri \u00een formatul 5+2 are loc azi \u015fi m\u00e2ine, \u00een capitala Italiei, Roma. Vor fi abordate subiectele prioritare \u00een procesul de reglementare transnistrean\u0103 pentru perioada urm\u0103toare. La negocieri particip\u0103 viceprim-ministrul pentru Reintegrare, Cristina Lesnic. Vor mai fi prezen\u0163i reprezentan\u0163i ai Tiraspolului, dar \u015fi din partea OSCE, a Federa\u021biei Ruse, Ucrainei, Uniunii&#8230;<\/p>\n","protected":false},"author":2,"featured_media":0,"comment_status":"closed","ping_status":"open","sticky":false,"template":"","format":"standard","meta":[],"categories":[1],"tags":[],"_links":{"self":[{"href":"https:\/\/centers.ulbsibiu.ro\/ccsprise\/lact\/wp-json\/wp\/v2\/posts\/4832"}],"collection":[{"href":"https:\/\/centers.ulbsibiu.ro\/ccsprise\/lact\/wp-json\/wp\/v2\/posts"}],"about":[{"href":"https:\/\/centers.ulbsibiu.ro\/ccsprise\/lact\/wp-json\/wp\/v2\/types\/post"}],"author":[{"embeddable":true,"href":"https:\/\/centers.ulbsibiu.ro\/ccsprise\/lact\/wp-json\/wp\/v2\/users\/2"}],"replies":[{"embeddable":true,"href":"https:\/\/centers.ulbsibiu.ro\/ccsprise\/lact\/wp-json\/wp\/v2\/comments?post=4832"}],"version-history":[{"count":1,"href":"https:\/\/centers.ulbsibiu.ro\/ccsprise\/lact\/wp-json\/wp\/v2\/posts\/4832\/revisions"}],"predecessor-version":[{"id":4833,"href":"https:\/\/centers.ulbsibiu.ro\/ccsprise\/lact\/wp-json\/wp\/v2\/posts\/4832\/revisions\/4833"}],"wp:attachment":[{"href":"https:\/\/centers.ulbsibiu.ro\/ccsprise\/lact\/wp-json\/wp\/v2\/media?parent=4832"}],"wp:term":[{"taxonomy":"category","embeddable":true,"href":"https:\/\/centers.ulbsibiu.ro\/ccsprise\/lact\/wp-json\/wp\/v2\/categories?post=4832"},{"taxonomy":"post_tag","embeddable":true,"href":"https:\/\/centers.ulbsibiu.ro\/ccsprise\/lact\/wp-json\/wp\/v2\/tags?post=4832"}],"curies":[{"name":"wp","href":"https:\/\/api.w.org\/{rel}","templated":true}]}}