{"id":4830,"date":"2018-05-28T19:45:59","date_gmt":"2018-05-28T17:45:59","guid":{"rendered":"https:\/\/centers.ulbsibiu.ro\/ccsprise\/lact\/?p=4830"},"modified":"2018-05-28T19:45:59","modified_gmt":"2018-05-28T17:45:59","slug":"europalibera-org-o-noua-reuniune-in-formatul-52","status":"publish","type":"post","link":"https:\/\/centers.ulbsibiu.ro\/ccsprise\/lact\/europalibera-org-o-noua-reuniune-in-formatul-52\/","title":{"rendered":"Europalibera.org &#8211; O nou\u0103 reuniune \u00een formatul \u201e5+2\u201d"},"content":{"rendered":"<ul class=\"links__list links__list--column\">\n<li class=\"links__item\"><a class=\"links__item-link\" title=\"Alla Ceapai\" href=\"https:\/\/www.europalibera.org\/author\/91428.html\">Alla Ceapai<\/a><\/li>\n<\/ul>\n<div class=\"intro content-offset\">\n<p>Unii exper\u0163i spun c\u0103 s-ar putea discuta \u015fi despre circula\u0163ia pe podul de la Gura B\u00eecului &#8211; B\u00eecioc<\/p>\n<\/div>\n<div id=\"article-content\" class=\"content-floated-wrap fb-quotable\">\n<div class=\"wsw\">\n<p>\u200b<\/p>\n<p><em>O nou\u0103 rund\u0103 de negocieri \u00een formatul \u201e5+2\u201d pentru rezolvarea conflictului transnistrean va avea loc la Roma \u00een zilele de 29 \u0219i 30 mai. Discu\u021biile vor fi prezidate de Franco Frattini, reprezentantul special al pre\u0219edin\u021biei italiene OSCE. \u00cen cadrul reuniunii urmeaz\u0103 s\u0103 fie discutat stadiul de implementare a celor \u0219ase \u00een\u021belegeri semnate de p\u0103r\u021bi \u00een noiembrie 2017 \u0219i aprilie 2018, referitoare la \u00eenl\u0103turarea unor bariere \u00een rela\u021biile dintre locuitorii de pe cele dou\u0103 maluri ale Nistrului. <\/em><\/p>\n<p>Cele \u0219ase \u00een\u021belegeri, a c\u0103ror aplicare va fi discutat\u0103 la reuniunea \u00een formatul 5+2, fac parte din cunoscutul pachet de opt puncte agreat \u00eenc\u0103 \u00een 2016 la Berlin. Dou\u0103 dintre ele au fost convenite luna trecut\u0103. Chi\u0219in\u0103ul \u0219i Tiraspolul au ajuns la un acord privind <a class=\"wsw__a\" href=\"https:\/\/www.europalibera.org\/a\/cine-a-cedat-ce-%C3%AEn-acordul-privind-numerele-de-ma%C8%99in%C4%83-din-regiunea-transnistrean%C4%83-\/29189987.html\">pl\u0103cu\u021bele de \u00eenmatriculare a autovehiculelor<\/a> din regiunea transnistrean\u0103, a\u0219a \u00eenc\u00e2t acestea s\u0103 poat\u0103 participa \u00een traficul interna\u021bional. Un alt acord agreat de p\u0103r\u0163i prevede <a class=\"wsw__a\" href=\"https:\/\/www.europalibera.org\/a\/accesul-la-terenuri-dubasari-de-dupa-soseaua-rabnita-tiraspol\/29187544.html\">accesul necondi\u021bionat al fermierilor<\/a> din raionul Dub\u0103sari, domicilia\u0163i \u00een st\u00e2nga Nistrului la terenurile lor agricole \u00eencep\u00e2nd din august. Alte patru protocoale semnate \u00een noiembrie 2017 prev\u0103d redeschiderea podul rutier peste Nistru dintre localit\u0103\u021bile Gura B\u00eecului \u2013 B\u00eecioc, func\u021bionarea \u0219colilor cu predare \u00een grafia latin\u0103, recunoa\u0219terea diplomelor transnistrene \u0219i restabilirea leg\u0103turilor telefonice \u00eentre malurile Nistrului. \u00cen ce prive\u015fte conexiunea telefonic\u0103 progrese majore nu s-au \u00eenregistrat. Termenul de realizare a acestei \u00een\u021belegeri a fost trasat din start pentru cinci ani.<\/p>\n<p>Uniunea European\u0103 \u015fi OSCE au salutat anterior aceste \u00een\u021belegeri protocolare despre care s-a spus c\u0103 ar fi un important pas \u00eenainte care ar contribui la o dinamic\u0103 pozitiv\u0103 \u00een procesul de reglementare transnistrean\u0103.<\/p>\n<p>Textul complet, inclusiv comentariile exper\u021bilor:\u00a0<a href=\"https:\/\/www.europalibera.org\/a\/o-nou\u0103-reuniune-\u00een-formatul-5-plus-2-osce-reglementarea-transnistreana\/29255495.html\">https:\/\/www.europalibera.org\/<\/a><\/p>\n<\/div>\n<\/div>\n","protected":false},"excerpt":{"rendered":"<p>Alla Ceapai Unii exper\u0163i spun c\u0103 s-ar putea discuta \u015fi despre circula\u0163ia pe podul de la Gura B\u00eecului &#8211; B\u00eecioc \u200b O nou\u0103 rund\u0103 de negocieri \u00een formatul \u201e5+2\u201d pentru rezolvarea conflictului transnistrean va avea loc la Roma \u00een zilele de 29 \u0219i 30 mai. Discu\u021biile vor fi prezidate de Franco Frattini, reprezentantul special al&#8230;<\/p>\n","protected":false},"author":2,"featured_media":0,"comment_status":"closed","ping_status":"open","sticky":false,"template":"","format":"standard","meta":[],"categories":[1],"tags":[],"_links":{"self":[{"href":"https:\/\/centers.ulbsibiu.ro\/ccsprise\/lact\/wp-json\/wp\/v2\/posts\/4830"}],"collection":[{"href":"https:\/\/centers.ulbsibiu.ro\/ccsprise\/lact\/wp-json\/wp\/v2\/posts"}],"about":[{"href":"https:\/\/centers.ulbsibiu.ro\/ccsprise\/lact\/wp-json\/wp\/v2\/types\/post"}],"author":[{"embeddable":true,"href":"https:\/\/centers.ulbsibiu.ro\/ccsprise\/lact\/wp-json\/wp\/v2\/users\/2"}],"replies":[{"embeddable":true,"href":"https:\/\/centers.ulbsibiu.ro\/ccsprise\/lact\/wp-json\/wp\/v2\/comments?post=4830"}],"version-history":[{"count":1,"href":"https:\/\/centers.ulbsibiu.ro\/ccsprise\/lact\/wp-json\/wp\/v2\/posts\/4830\/revisions"}],"predecessor-version":[{"id":4831,"href":"https:\/\/centers.ulbsibiu.ro\/ccsprise\/lact\/wp-json\/wp\/v2\/posts\/4830\/revisions\/4831"}],"wp:attachment":[{"href":"https:\/\/centers.ulbsibiu.ro\/ccsprise\/lact\/wp-json\/wp\/v2\/media?parent=4830"}],"wp:term":[{"taxonomy":"category","embeddable":true,"href":"https:\/\/centers.ulbsibiu.ro\/ccsprise\/lact\/wp-json\/wp\/v2\/categories?post=4830"},{"taxonomy":"post_tag","embeddable":true,"href":"https:\/\/centers.ulbsibiu.ro\/ccsprise\/lact\/wp-json\/wp\/v2\/tags?post=4830"}],"curies":[{"name":"wp","href":"https:\/\/api.w.org\/{rel}","templated":true}]}}