{"id":4828,"date":"2018-05-28T19:43:34","date_gmt":"2018-05-28T17:43:34","guid":{"rendered":"https:\/\/centers.ulbsibiu.ro\/ccsprise\/lact\/?p=4828"},"modified":"2018-05-28T19:43:34","modified_gmt":"2018-05-28T17:43:34","slug":"infotag-md-un-deputat-al-ss-indeamna-transnistrenii-sa-iasa-pe-2-iunie-la-un-protest-impotriva-guvernarii-falite","status":"publish","type":"post","link":"https:\/\/centers.ulbsibiu.ro\/ccsprise\/lact\/infotag-md-un-deputat-al-ss-indeamna-transnistrenii-sa-iasa-pe-2-iunie-la-un-protest-impotriva-guvernarii-falite\/","title":{"rendered":"Infotag.md &#8211; UN DEPUTAT AL SS \u00ceNDEAMN\u0102 TRANSNISTRENII S\u0102 IAS\u0102 PE 2 IUNIE LA UN PROTEST \u201e\u00ceMPOTRIVA GUVERN\u0102RII FALITE\u201d"},"content":{"rendered":"<p>Deputatul Sovietului Suprem (SS) al autoproclamatei RMN, fostul pre\u015fedinte al Partidului Comunist din Transnistria, Oleg Horjan, \u00eendeamn\u0103 transnistrenii s\u0103 ias\u0103 s\u00e2mb\u0103t\u0103, 2 iunie, \u00een centrul Tiraspolului, la un protest \u201e\u00eempotriva guvern\u0103rii falite\u201d.<br \/>\nPotrivit agen\u0163iei INFOTAG, \u00eentr-un mesaj video, postat pe re\u0163elele sociale, el sus\u0163ine c\u0103, \u201e\u00een decurs de un an \u015fi jum\u0103tate, aceast\u0103 guvernare, controlat\u0103 de \u201eSheriff\u201d (cel mai mare holding din regiune \u2013 \u201eI.\u201d), a adus poporul la s\u0103r\u0103cie, iar republica a transformat-o \u00eentr-o mo\u015fie a oligarhilor\u201d.<br \/>\n\u201ePre\u021burile cresc permanent, salariile \u0219i pensiile nu se vor majora. \u00centreprinderile mici \u0219i mijlocii pur \u0219i simplu se sting. \u00cen schimb, firma monopolist\u0103 se simte foarte bine \u0219i continu\u0103 s\u0103 bea ultima sev\u0103 a republicii\u201d, consider\u0103 Horjan.<br \/>\nPotrivit lui, \u201efunc\u0163ionarii de diferit rang pur \u0219i simplu \u00ee\u015fi bat joc de oameni: \u00een instan\u0163\u0103 adev\u0103rul nu-l g\u0103se\u015fti, iar legea a fost transformat\u0103 \u00een instrument de persecu\u021bie politic\u0103 sau de jaf banal\u201d.<br \/>\nFostul lider comunist al regiunii planific\u0103 la miting \u201es\u0103 adopte un apel din numele \u00eentregului popor transnistrean c\u0103tre pre\u0219edintele Federa\u021biei Ruse, Vladimir Putin, care va fi auzit de c\u0103tre \u0219eful marelui stat\u201d.<br \/>\n\u201eAcesta nu este un maidan, nu este o tentativ\u0103 de a lua puterea. Este vorba de o cale pa\u015fnic\u0103 \u015fi legal\u0103, o posibilitate de a-i ar\u0103ta u\u015fa at\u00e2t guvern\u0103rii, c\u00e2t \u015fi st\u0103p\u00e2nilor s\u0103i\u201d, a subliniat el.<br \/>\nDup\u0103 cum a informat anterior INFOTAG, Partidului Comunist din Transnistria a depus de mai multe ori cererea pentru a organiza un miting \u00een pia\u021ba central\u0103 a ora\u0219ului Tiraspol, inclusiv de Ziua Interna\u021bional\u0103 a solidarit\u0103\u021bii muncitorilor din 1 mai, \u00eens\u0103 autorit\u0103\u021bile locale au refuzat sub diverse pretexte. La 19 mai, Horjan a plecat din func\u0163ia de pre\u0219edinte al Comitetului Central al partidului \u201e\u00een leg\u0103tur\u0103 cu nevoia ap\u0103rut\u0103\u201d, dar continu\u0103 s\u0103 lupte cu autorit\u0103\u021bile doar \u00een calitate de deputat.<\/p>\n<p>Sursa:\u00a0<a href=\"http:\/\/www.infotag.md\/rebelion-ro\/263439\/\">http:\/\/www.infotag.md\/<\/a><\/p>\n","protected":false},"excerpt":{"rendered":"<p>Deputatul Sovietului Suprem (SS) al autoproclamatei RMN, fostul pre\u015fedinte al Partidului Comunist din Transnistria, Oleg Horjan, \u00eendeamn\u0103 transnistrenii s\u0103 ias\u0103 s\u00e2mb\u0103t\u0103, 2 iunie, \u00een centrul Tiraspolului, la un protest \u201e\u00eempotriva guvern\u0103rii falite\u201d. Potrivit agen\u0163iei INFOTAG, \u00eentr-un mesaj video, postat pe re\u0163elele sociale, el sus\u0163ine c\u0103, \u201e\u00een decurs de un an \u015fi jum\u0103tate, aceast\u0103 guvernare, controlat\u0103&#8230;<\/p>\n","protected":false},"author":2,"featured_media":0,"comment_status":"closed","ping_status":"open","sticky":false,"template":"","format":"standard","meta":[],"categories":[1],"tags":[],"_links":{"self":[{"href":"https:\/\/centers.ulbsibiu.ro\/ccsprise\/lact\/wp-json\/wp\/v2\/posts\/4828"}],"collection":[{"href":"https:\/\/centers.ulbsibiu.ro\/ccsprise\/lact\/wp-json\/wp\/v2\/posts"}],"about":[{"href":"https:\/\/centers.ulbsibiu.ro\/ccsprise\/lact\/wp-json\/wp\/v2\/types\/post"}],"author":[{"embeddable":true,"href":"https:\/\/centers.ulbsibiu.ro\/ccsprise\/lact\/wp-json\/wp\/v2\/users\/2"}],"replies":[{"embeddable":true,"href":"https:\/\/centers.ulbsibiu.ro\/ccsprise\/lact\/wp-json\/wp\/v2\/comments?post=4828"}],"version-history":[{"count":1,"href":"https:\/\/centers.ulbsibiu.ro\/ccsprise\/lact\/wp-json\/wp\/v2\/posts\/4828\/revisions"}],"predecessor-version":[{"id":4829,"href":"https:\/\/centers.ulbsibiu.ro\/ccsprise\/lact\/wp-json\/wp\/v2\/posts\/4828\/revisions\/4829"}],"wp:attachment":[{"href":"https:\/\/centers.ulbsibiu.ro\/ccsprise\/lact\/wp-json\/wp\/v2\/media?parent=4828"}],"wp:term":[{"taxonomy":"category","embeddable":true,"href":"https:\/\/centers.ulbsibiu.ro\/ccsprise\/lact\/wp-json\/wp\/v2\/categories?post=4828"},{"taxonomy":"post_tag","embeddable":true,"href":"https:\/\/centers.ulbsibiu.ro\/ccsprise\/lact\/wp-json\/wp\/v2\/tags?post=4828"}],"curies":[{"name":"wp","href":"https:\/\/api.w.org\/{rel}","templated":true}]}}