{"id":4826,"date":"2018-05-28T19:41:02","date_gmt":"2018-05-28T17:41:02","guid":{"rendered":"https:\/\/centers.ulbsibiu.ro\/ccsprise\/lact\/?p=4826"},"modified":"2018-05-28T19:41:02","modified_gmt":"2018-05-28T17:41:02","slug":"gov-md-intrevederea-viceprim-ministrului-cristina-lesnic-cu-un-grup-de-experti-din-cadrul-organizatiei-natiunilor-unite","status":"publish","type":"post","link":"https:\/\/centers.ulbsibiu.ro\/ccsprise\/lact\/gov-md-intrevederea-viceprim-ministrului-cristina-lesnic-cu-un-grup-de-experti-din-cadrul-organizatiei-natiunilor-unite\/","title":{"rendered":"Gov.md &#8211; \u00centrevederea Viceprim-ministrului Cristina Lesnic cu un grup de exper\u021bi din cadrul Organiza\u021biei Na\u021biunilor Unite"},"content":{"rendered":"<p>Ast\u0103zi, 28 mai curent, Viceprim-ministrul Cristina Lesnic a avut o \u00eentrevedere cu Thomas Hammarberg, expert superior ONU pe drepturile omului \u00een regiunea transnistrean\u0103, \u00eenso\u021bit de c\u0103tre un grup de exper\u021bi din cadrul Oficiului Organiza\u021biei Na\u021biunilor Unite pentru drepturile omului.<\/p>\n<p>Principala tem\u0103 de discu\u021bie a vizat componenta drepturilor omului \u00een regiunea transnistrean\u0103. \u00cen acest sens, Vicepremierul a punctat reprezentan\u021bilor na\u021biunilor unite despre eforturile care se fac pentru a asigura respectarea drepturilor omului \u00een st\u00e2nga Nistrului.<\/p>\n<p>\u00cen aceea\u0219i ordine de idei, Viceprim-ministrul a informat oficialii despre lansarea subgrupului de lucru pentru drepturile omului \u0219i necesitatea demar\u0103rii lucr\u0103rilor acestui grup \u00een timpul apropiat pentru a identifica \u0219i rezolva problemele cu care se confrunt\u0103 oamenii. Alte subiecte abordate \u021bin de \u0219colile cu predare \u00een grafie latin\u0103, libera circula\u021bie a popula\u021biei \u0219i a m\u0103rfurilor, situa\u021bia actual\u0103 din cadrul procesului de negocieri etc.<\/p>\n<p>La final, Thomas Hammarberg \u0219i-a exprimat speran\u021ba c\u0103 negocierile din formatul \u201e5+2\u201d din timpul apropiat se vor finaliza cu un rezultat palpabil care va permite rezolvarea problemelor de pe agenda actual\u0103 a procesului de negocieri.<\/p>\n<p>Sursa:\u00a0<a href=\"https:\/\/gov.md\/ro\/content\/intrevederea-viceprim-ministrului-cristina-lesnic-cu-un-grup-de-experti-din-cadrul\">https:\/\/gov.md\/<\/a><\/p>\n","protected":false},"excerpt":{"rendered":"<p>Ast\u0103zi, 28 mai curent, Viceprim-ministrul Cristina Lesnic a avut o \u00eentrevedere cu Thomas Hammarberg, expert superior ONU pe drepturile omului \u00een regiunea transnistrean\u0103, \u00eenso\u021bit de c\u0103tre un grup de exper\u021bi din cadrul Oficiului Organiza\u021biei Na\u021biunilor Unite pentru drepturile omului. Principala tem\u0103 de discu\u021bie a vizat componenta drepturilor omului \u00een regiunea transnistrean\u0103. \u00cen acest sens, Vicepremierul&#8230;<\/p>\n","protected":false},"author":2,"featured_media":0,"comment_status":"closed","ping_status":"open","sticky":false,"template":"","format":"standard","meta":[],"categories":[1],"tags":[],"_links":{"self":[{"href":"https:\/\/centers.ulbsibiu.ro\/ccsprise\/lact\/wp-json\/wp\/v2\/posts\/4826"}],"collection":[{"href":"https:\/\/centers.ulbsibiu.ro\/ccsprise\/lact\/wp-json\/wp\/v2\/posts"}],"about":[{"href":"https:\/\/centers.ulbsibiu.ro\/ccsprise\/lact\/wp-json\/wp\/v2\/types\/post"}],"author":[{"embeddable":true,"href":"https:\/\/centers.ulbsibiu.ro\/ccsprise\/lact\/wp-json\/wp\/v2\/users\/2"}],"replies":[{"embeddable":true,"href":"https:\/\/centers.ulbsibiu.ro\/ccsprise\/lact\/wp-json\/wp\/v2\/comments?post=4826"}],"version-history":[{"count":1,"href":"https:\/\/centers.ulbsibiu.ro\/ccsprise\/lact\/wp-json\/wp\/v2\/posts\/4826\/revisions"}],"predecessor-version":[{"id":4827,"href":"https:\/\/centers.ulbsibiu.ro\/ccsprise\/lact\/wp-json\/wp\/v2\/posts\/4826\/revisions\/4827"}],"wp:attachment":[{"href":"https:\/\/centers.ulbsibiu.ro\/ccsprise\/lact\/wp-json\/wp\/v2\/media?parent=4826"}],"wp:term":[{"taxonomy":"category","embeddable":true,"href":"https:\/\/centers.ulbsibiu.ro\/ccsprise\/lact\/wp-json\/wp\/v2\/categories?post=4826"},{"taxonomy":"post_tag","embeddable":true,"href":"https:\/\/centers.ulbsibiu.ro\/ccsprise\/lact\/wp-json\/wp\/v2\/tags?post=4826"}],"curies":[{"name":"wp","href":"https:\/\/api.w.org\/{rel}","templated":true}]}}