{"id":4824,"date":"2018-05-25T17:06:54","date_gmt":"2018-05-25T15:06:54","guid":{"rendered":"https:\/\/centers.ulbsibiu.ro\/ccsprise\/lact\/?p=4824"},"modified":"2018-05-25T17:06:54","modified_gmt":"2018-05-25T15:06:54","slug":"gov-md-intrevederea-viceprim-ministrului-cristina-lesnic-cu-ambasadorul-statelor-unite-ale-americii-in-republica-moldova-james-pettit","status":"publish","type":"post","link":"https:\/\/centers.ulbsibiu.ro\/ccsprise\/lact\/gov-md-intrevederea-viceprim-ministrului-cristina-lesnic-cu-ambasadorul-statelor-unite-ale-americii-in-republica-moldova-james-pettit\/","title":{"rendered":"Gov.md &#8211; \u00centrevederea Viceprim-ministrului Cristina Lesnic cu Ambasadorul Statelor Unite ale Americii \u00een Republica Moldova James Pettit"},"content":{"rendered":"<p>Ast\u0103zi, 25 mai curent, Viceprim-ministrul Cristina Lesnic a avut o \u00eentrevedere cu Ambasadorul Statelor Unite ale Americii \u00een Republica Moldova James Pettit.<\/p>\n<p>\u00cen contextul desf\u0103\u0219ur\u0103rii unei noi runde de negocieri \u00een formatul \u201e5+2\u201d ce va avea loc la Roma, Italia \u00een perioada 29-30 mai a anului curent, oficialii au abordat situa\u021bia actual\u0103 din cadrul procesului de negocieri \u0219i din cadrul grupurilor de lucru sectoriale. Cu prec\u0103dere, a fost punctat\u0103 necesitatea demar\u0103rii \u00een timpul apropiat a \u0219edin\u021belor grupului de lucru pentru drepturile omului dar \u0219i dezvoltarea unei dinamici pozitive \u00een cadrul celorlalte grupuri de lucru.<\/p>\n<p>Totodat\u0103, Vicepremierul Cristina Lesnic a remarcat progresul recent \u00eenregistrat \u00een cadrul dialogului dintre Chi\u0219in\u0103u \u0219i Tiraspol, specific\u00e2nd c\u0103 num\u0103rul \u00eentrevederilor la nivelul exper\u021bilor de profil de pe ambele maluri ale Nistrului a sporit nu numai cantitativ dar \u0219i calitativ fiind atestate rezultate palpabile.<\/p>\n<p>La final, Viceprim-ministrul \u0219i-a exprimat speran\u021ba c\u0103 \u00een rezultatul negocierilor purtate la runda apropiat\u0103 a formatului \u201e5+2\u201d se vor crea premise pentru a stimula interac\u021biunea p\u0103r\u021bilor \u00een vederea rezolv\u0103rii mai multor probleme stringente cu care se confrunt\u0103 locuitorii de pe ambele maluri ale Nistrului.<\/p>\n<p>Sursa:\u00a0<a href=\"https:\/\/gov.md\/ro\/content\/intrevederea-viceprim-ministrului-cristina-lesnic-cu-ambasadorul-statelor-unite-ale-americii\">https:\/\/gov.md<\/a><\/p>\n","protected":false},"excerpt":{"rendered":"<p>Ast\u0103zi, 25 mai curent, Viceprim-ministrul Cristina Lesnic a avut o \u00eentrevedere cu Ambasadorul Statelor Unite ale Americii \u00een Republica Moldova James Pettit. \u00cen contextul desf\u0103\u0219ur\u0103rii unei noi runde de negocieri \u00een formatul \u201e5+2\u201d ce va avea loc la Roma, Italia \u00een perioada 29-30 mai a anului curent, oficialii au abordat situa\u021bia actual\u0103 din cadrul procesului&#8230;<\/p>\n","protected":false},"author":2,"featured_media":0,"comment_status":"closed","ping_status":"open","sticky":false,"template":"","format":"standard","meta":[],"categories":[1],"tags":[],"_links":{"self":[{"href":"https:\/\/centers.ulbsibiu.ro\/ccsprise\/lact\/wp-json\/wp\/v2\/posts\/4824"}],"collection":[{"href":"https:\/\/centers.ulbsibiu.ro\/ccsprise\/lact\/wp-json\/wp\/v2\/posts"}],"about":[{"href":"https:\/\/centers.ulbsibiu.ro\/ccsprise\/lact\/wp-json\/wp\/v2\/types\/post"}],"author":[{"embeddable":true,"href":"https:\/\/centers.ulbsibiu.ro\/ccsprise\/lact\/wp-json\/wp\/v2\/users\/2"}],"replies":[{"embeddable":true,"href":"https:\/\/centers.ulbsibiu.ro\/ccsprise\/lact\/wp-json\/wp\/v2\/comments?post=4824"}],"version-history":[{"count":1,"href":"https:\/\/centers.ulbsibiu.ro\/ccsprise\/lact\/wp-json\/wp\/v2\/posts\/4824\/revisions"}],"predecessor-version":[{"id":4825,"href":"https:\/\/centers.ulbsibiu.ro\/ccsprise\/lact\/wp-json\/wp\/v2\/posts\/4824\/revisions\/4825"}],"wp:attachment":[{"href":"https:\/\/centers.ulbsibiu.ro\/ccsprise\/lact\/wp-json\/wp\/v2\/media?parent=4824"}],"wp:term":[{"taxonomy":"category","embeddable":true,"href":"https:\/\/centers.ulbsibiu.ro\/ccsprise\/lact\/wp-json\/wp\/v2\/categories?post=4824"},{"taxonomy":"post_tag","embeddable":true,"href":"https:\/\/centers.ulbsibiu.ro\/ccsprise\/lact\/wp-json\/wp\/v2\/tags?post=4824"}],"curies":[{"name":"wp","href":"https:\/\/api.w.org\/{rel}","templated":true}]}}