{"id":4818,"date":"2018-05-24T19:00:28","date_gmt":"2018-05-24T17:00:28","guid":{"rendered":"https:\/\/centers.ulbsibiu.ro\/ccsprise\/lact\/?p=4818"},"modified":"2018-05-24T19:00:28","modified_gmt":"2018-05-24T17:00:28","slug":"infotag-md-liderul-de-la-tiraspol-apreciaza-dialogul-cu-reprezentantii-uniunii-europene","status":"publish","type":"post","link":"https:\/\/centers.ulbsibiu.ro\/ccsprise\/lact\/infotag-md-liderul-de-la-tiraspol-apreciaza-dialogul-cu-reprezentantii-uniunii-europene\/","title":{"rendered":"Infotag.md &#8211; LIDERUL DE LA TIRASPOL \u201eAPRECIAZ\u0102 DIALOGUL CU REPREZENTAN\u0162II UNIUNII EUROPENE\u201d"},"content":{"rendered":"<p>Conducerea Transnistriei apreciaz\u0103 dialogul cu reprezentan\u021bii Uniunii Europene, \u0163ine cont de recomand\u0103rile exper\u021bilor UE \u0219i analizeaz\u0103 posibilitatea \u0219i oportunitatea implement\u0103rii acestora \u00een condi\u021biile realit\u0103\u021bilor locale. O declara\u0163ie \u00een acest sens a f\u0103cut pre\u0219edintele autoproclamatei RMN, Vadim Krasnoselski, la \u00eentrevederea de miercuri, la Tiraspol, cu \u0219eful Delega\u021biei UE \u00een Republica Moldova, Peter Michalko.<\/p>\n<p>Potrivit agen\u0163iei INFOTAG cu referire la site-ul liderului de la Tiraspol, el \u015fi-a exprimat interesul \u201ede a auzi pozi\u021bia Uniunii Europene \u00een general \u0219i a \u0219efului Delega\u021biei UE \u00een Moldova, \u00een special, \u00een ceea ce prive\u0219te acordurile atinse \u00een procesul de negocieri cu Moldova \u0219i perspectivele de implementare a acestora\u201d.<\/p>\n<p>Potrivit comunicatului, Michalko i-a mul\u021bumit lui Krasnoselski pentru \u00eent\u00e2lnire, subliniind importan\u021ba ei \u00een ajunul reuniunii \u00een formatul \u201e5+2\u201d de la Roma \u0219i a dat asigur\u0103ri c\u0103 inten\u021bioneaz\u0103 s\u0103 vin\u0103 regulat \u00een vizit\u0103 \u00een Transnistria\u201d.<\/p>\n<p>Oficialul european a men\u0163ionat c\u0103 UE urm\u0103re\u015fte cu optimism evolu\u0163ia procesului de negocieri, realizarea acordurilor convenite \u0219i nu inten\u021bioneaz\u0103 s\u0103 diminueze nivelul de activitate \u00een calitate de observator \u00een procesul de negocieri \u00een formatul \u201e5+2\u201d.<\/p>\n<p>Diplomatul \u0219i-a anun\u021bat inten\u021bia de a vizita Universitatea de Stat din Transnistria pentru a afla opinia comunit\u0103\u021bii studen\u021be\u0219ti despre apostilarea de c\u0103tre Moldova a actelor transnistrene de studii \u0219i ce se mai poate face \u00een aceast\u0103 direc\u021bie.<\/p>\n<p>Referindu-se la mecanismul elaborat de p\u0103r\u0163i privind participarea transportului transnistrean \u00een traficul rutier interna\u021bional, \u0219eful Delega\u021biei UE \u0219i-a exprimat speran\u021ba c\u0103 acesta va fi lansat \u00een termenul stabilit de negociatori, \u00eencep\u00e2nd cu 1 august.<\/p>\n<p>Krasnoselski a men\u021bionat cre\u0219terea num\u0103rului de tranzac\u021bii de export-import cu \u021b\u0103rile UE \u015fi a atras aten\u021bia asupra rolului important al Delega\u021biei UE \u00een Moldova \u00een aceast\u0103 chestiune. El a spus c\u0103, de\u0219i Transnistria \u201eeste orientat\u0103 spre dezvoltarea rela\u021biilor comerciale cu Uniunea Economic\u0103 Eurasiatic\u0103 \u0219i Federa\u021bia Rus\u0103, alegerea direc\u021biei optime r\u0103m\u00e2ne pe seama comunit\u0103\u0163ii de afaceri\u201d.<\/p>\n<p>Sursa:\u00a0<a href=\"http:\/\/www.infotag.md\/rebelion-ro\/263362\/\">http:\/\/www.infotag.md<\/a><\/p>\n","protected":false},"excerpt":{"rendered":"<p>Conducerea Transnistriei apreciaz\u0103 dialogul cu reprezentan\u021bii Uniunii Europene, \u0163ine cont de recomand\u0103rile exper\u021bilor UE \u0219i analizeaz\u0103 posibilitatea \u0219i oportunitatea implement\u0103rii acestora \u00een condi\u021biile realit\u0103\u021bilor locale. O declara\u0163ie \u00een acest sens a f\u0103cut pre\u0219edintele autoproclamatei RMN, Vadim Krasnoselski, la \u00eentrevederea de miercuri, la Tiraspol, cu \u0219eful Delega\u021biei UE \u00een Republica Moldova, Peter Michalko. Potrivit agen\u0163iei INFOTAG&#8230;<\/p>\n","protected":false},"author":2,"featured_media":0,"comment_status":"closed","ping_status":"open","sticky":false,"template":"","format":"standard","meta":[],"categories":[1],"tags":[],"_links":{"self":[{"href":"https:\/\/centers.ulbsibiu.ro\/ccsprise\/lact\/wp-json\/wp\/v2\/posts\/4818"}],"collection":[{"href":"https:\/\/centers.ulbsibiu.ro\/ccsprise\/lact\/wp-json\/wp\/v2\/posts"}],"about":[{"href":"https:\/\/centers.ulbsibiu.ro\/ccsprise\/lact\/wp-json\/wp\/v2\/types\/post"}],"author":[{"embeddable":true,"href":"https:\/\/centers.ulbsibiu.ro\/ccsprise\/lact\/wp-json\/wp\/v2\/users\/2"}],"replies":[{"embeddable":true,"href":"https:\/\/centers.ulbsibiu.ro\/ccsprise\/lact\/wp-json\/wp\/v2\/comments?post=4818"}],"version-history":[{"count":1,"href":"https:\/\/centers.ulbsibiu.ro\/ccsprise\/lact\/wp-json\/wp\/v2\/posts\/4818\/revisions"}],"predecessor-version":[{"id":4819,"href":"https:\/\/centers.ulbsibiu.ro\/ccsprise\/lact\/wp-json\/wp\/v2\/posts\/4818\/revisions\/4819"}],"wp:attachment":[{"href":"https:\/\/centers.ulbsibiu.ro\/ccsprise\/lact\/wp-json\/wp\/v2\/media?parent=4818"}],"wp:term":[{"taxonomy":"category","embeddable":true,"href":"https:\/\/centers.ulbsibiu.ro\/ccsprise\/lact\/wp-json\/wp\/v2\/categories?post=4818"},{"taxonomy":"post_tag","embeddable":true,"href":"https:\/\/centers.ulbsibiu.ro\/ccsprise\/lact\/wp-json\/wp\/v2\/tags?post=4818"}],"curies":[{"name":"wp","href":"https:\/\/api.w.org\/{rel}","templated":true}]}}