{"id":4816,"date":"2018-05-23T19:12:12","date_gmt":"2018-05-23T17:12:12","guid":{"rendered":"https:\/\/centers.ulbsibiu.ro\/ccsprise\/lact\/?p=4816"},"modified":"2018-05-23T19:12:12","modified_gmt":"2018-05-23T17:12:12","slug":"infotag-md-liderul-de-la-tiraspol-a-reiterat-ca-in-negocierile-cu-moldova-nu-exista-alternativa","status":"publish","type":"post","link":"https:\/\/centers.ulbsibiu.ro\/ccsprise\/lact\/infotag-md-liderul-de-la-tiraspol-a-reiterat-ca-in-negocierile-cu-moldova-nu-exista-alternativa\/","title":{"rendered":"Infotag.md &#8211; LIDERUL DE LA TIRASPOL A REITERAT C\u0102 \u00ceN NEGOCIERILE CU MOLDOVA NU EXIST\u0102 ALTERNATIV\u0102"},"content":{"rendered":"<p>Alternative la continuarea procesului de negocieri cu Moldova nu exist\u0103 \u0219i nici nu pot exista. O declara\u0163ie \u00een acest sens a f\u0103cut \u00een ajun pre\u0219edintele autoproclamatei RMN, Vadim Krasnoselski, \u00een cadrul unei \u00eent\u00e2lniri cu locuitorii din raionul Camenca.<\/p>\n<p>Potrivit agen\u0163iei INFOTAG cu referire la site-ul liderului de la Tiraspol, el a spus c\u0103, \u00een pofida acordurilor atinse \u00een ultimul timp cu autorit\u0103\u0163ile de la Chi\u015fin\u0103u, \u201eprobleme oricum sunt \u015fi ele trebuie solu\u0163ionate doar la masa de negocieri\u201d.<\/p>\n<p>\u201eDeschiderea podului peste Nistru \u00een apropierea satelor B\u00eecioc \u0219i Gura B\u00eecului, lansarea mecanismului de apostilare a diplomelor universit\u0103\u0163ii din Transnistria, solu\u0163ionarea problemei cu numerele de \u00eenmatriculare pentru transportul auto transnistrean, solu\u021bionarea problemelor de demult cu func\u021bionarea \u0219colilor cu predare \u00een grafie latin\u0103 \u0219i prelucrarea terenurilor \u00een raionul Dub\u0103sari \u2013 toate acestea sunt de mare importan\u021b\u0103 pentru locuitorii republicii \u015fi au un efect pozitiv\u201d, a spus Krasnoselski, men\u0163ion\u00e2nd c\u0103 printre problemele nerezolvate se num\u0103r\u0103 chestiunile ce \u0163in de sectorul bancar, deblocarea sta\u0163iei de cale ferat\u0103 \u201eSlobodka\u201d, \u00eencetarea cauzelor penale motivate politic \u00eempotriva cet\u0103\u021benilor RMN \u0219i problemele de telecomunica\u021bii.<\/p>\n<p>Potrivit lui, \u201enegociatorii lucreaz\u0103 \u00een aceste domenii \u015fi putem vorbi deja despre schimb\u0103ri pozitive \u0219i posibilitatea unor solu\u021bii provizorii\u201d.<\/p>\n<p>Sursa:\u00a0<a href=\"http:\/\/www.infotag.md\/rebelion-ro\/263350\/\">http:\/\/www.infotag.md\/<\/a><\/p>\n","protected":false},"excerpt":{"rendered":"<p>Alternative la continuarea procesului de negocieri cu Moldova nu exist\u0103 \u0219i nici nu pot exista. O declara\u0163ie \u00een acest sens a f\u0103cut \u00een ajun pre\u0219edintele autoproclamatei RMN, Vadim Krasnoselski, \u00een cadrul unei \u00eent\u00e2lniri cu locuitorii din raionul Camenca. Potrivit agen\u0163iei INFOTAG cu referire la site-ul liderului de la Tiraspol, el a spus c\u0103, \u00een pofida&#8230;<\/p>\n","protected":false},"author":2,"featured_media":0,"comment_status":"closed","ping_status":"open","sticky":false,"template":"","format":"standard","meta":[],"categories":[1],"tags":[],"_links":{"self":[{"href":"https:\/\/centers.ulbsibiu.ro\/ccsprise\/lact\/wp-json\/wp\/v2\/posts\/4816"}],"collection":[{"href":"https:\/\/centers.ulbsibiu.ro\/ccsprise\/lact\/wp-json\/wp\/v2\/posts"}],"about":[{"href":"https:\/\/centers.ulbsibiu.ro\/ccsprise\/lact\/wp-json\/wp\/v2\/types\/post"}],"author":[{"embeddable":true,"href":"https:\/\/centers.ulbsibiu.ro\/ccsprise\/lact\/wp-json\/wp\/v2\/users\/2"}],"replies":[{"embeddable":true,"href":"https:\/\/centers.ulbsibiu.ro\/ccsprise\/lact\/wp-json\/wp\/v2\/comments?post=4816"}],"version-history":[{"count":1,"href":"https:\/\/centers.ulbsibiu.ro\/ccsprise\/lact\/wp-json\/wp\/v2\/posts\/4816\/revisions"}],"predecessor-version":[{"id":4817,"href":"https:\/\/centers.ulbsibiu.ro\/ccsprise\/lact\/wp-json\/wp\/v2\/posts\/4816\/revisions\/4817"}],"wp:attachment":[{"href":"https:\/\/centers.ulbsibiu.ro\/ccsprise\/lact\/wp-json\/wp\/v2\/media?parent=4816"}],"wp:term":[{"taxonomy":"category","embeddable":true,"href":"https:\/\/centers.ulbsibiu.ro\/ccsprise\/lact\/wp-json\/wp\/v2\/categories?post=4816"},{"taxonomy":"post_tag","embeddable":true,"href":"https:\/\/centers.ulbsibiu.ro\/ccsprise\/lact\/wp-json\/wp\/v2\/tags?post=4816"}],"curies":[{"name":"wp","href":"https:\/\/api.w.org\/{rel}","templated":true}]}}