{"id":4814,"date":"2018-05-23T19:09:41","date_gmt":"2018-05-23T17:09:41","guid":{"rendered":"https:\/\/centers.ulbsibiu.ro\/ccsprise\/lact\/?p=4814"},"modified":"2018-05-23T19:09:41","modified_gmt":"2018-05-23T17:09:41","slug":"ziarulnational-md-controlul-comun-moldo-ucrainean-pe-segmentul-transnistrean-se-extinde-in-alte-doua-puncte-de-trecere-sa-avem-siguranta-ca-r-moldova-controleaza-tot-ce-intra-sau-iese-pe","status":"publish","type":"post","link":"https:\/\/centers.ulbsibiu.ro\/ccsprise\/lact\/ziarulnational-md-controlul-comun-moldo-ucrainean-pe-segmentul-transnistrean-se-extinde-in-alte-doua-puncte-de-trecere-sa-avem-siguranta-ca-r-moldova-controleaza-tot-ce-intra-sau-iese-pe\/","title":{"rendered":"Ziarulnational.md &#8211; Controlul COMUN moldo-ucrainean pe segmentul transnistrean se extinde \u00een alte dou\u0103 puncte de trecere: \u201eS\u0103 avem siguran\u021ba c\u0103 R. Moldova controleaz\u0103 tot ce intr\u0103 sau iese pe acest segment de frontier\u0103\u201d"},"content":{"rendered":"<p>Controlul comun la frontiera moldo<strong>&#8211;<\/strong>ucrainean\u0103 se extinde \u00een alte dou\u0103 puncte de trecere pe segmentul transnistrean \u2013 \u00een punctul rutier \u201eGoianul Nou-Platonovo\u201d \u0219i \u00een punctul feroviar \u201eNovosavi\u0163caia<strong>&#8211;<\/strong>Cuciurgan\u201d. O decizie \u00een acest sens a fost luat\u0103 ast\u0103zi de Guvern.<\/p>\n<p>\u00cen ambele puncte de trecere, controlul comun va fi realizat pe teritoriul Ucrainei, dup\u0103 principiul \u201eo singur\u0103 oprire \u2013 un singur ghi\u015feu\u201d.<\/p>\n<p>Pe l\u00e2ng\u0103 \u00eembun\u0103t\u0103\u021birea condi\u021biilor de traversare a frontierei de stat vor fi optimizate opera\u021biunile de import<strong>&#8211;<\/strong>export \u0219i schimbul de informa\u0163ii \u00eentre p\u0103r\u021bi. De asemenea, va spori securitatea frontierei de stat prin contracararea mai eficient\u0103 a infrac\u021bionalit\u0103\u021bii transfrontaliere.<\/p>\n<p>Premierul Pavel Filip a solicitat Serviciului Vamal \u0219i Poli\u021biei de Frontier\u0103 s\u0103 asigure, p\u00e2n\u0103 la finele mandatului Guvernului, realizarea controlului comun \u0219i la celelalte puncte de trecere, \u00een special pe segmentul transnistrean.<\/p>\n<p>\u201eS\u0103 avem toat\u0103 certitudinea c\u0103 \u0219i aceast\u0103 frontier\u0103 este controlat\u0103 \u0219i din punct de vedere a trecerii persoanelor fizice, a transporturilor, dar \u0219i a m\u0103rfurilor, s\u0103 avem siguran\u021ba c\u0103 R. Moldova controleaz\u0103 tot ce intr\u0103 sau iese pe acest segment de frontier\u0103\u201d, a spus prim-ministrul.<\/p>\n<p>Controlul comun la frontiera moldo-ucrainean\u0103 pe segmentul transnistrean a devenit posibil dup\u0103 semnarea, la 6 octombrie 2017, a Acordului bilateral privind controlul \u00een comun al persoanelor, mijloacelor de transport, m\u0103rfurilor \u015fi obiectelor \u00een punctele comune de trecere a frontierei de stat moldo<strong>&#8211;<\/strong>ucrainene. Documentul va intra \u00een vigoare la 25 mai curent.<\/p>\n<p>Totodat\u0103, pentru a aduce \u00een concordan\u021b\u0103 cu prevederile Acordului procedurile de control comun desf\u0103\u0219urate \u00een punctele de trecere \u201ePervomaisk<strong>&#8211;<\/strong>Cuciurgan\u201d, \u201ePalanca<strong>&#8211;<\/strong>Maiaki<strong>&#8211;<\/strong>Udobnoe\u201d, \u201eBriceni<strong>&#8211;<\/strong>Rosso\u0219an\u00ee\u201d, \u201eCriva<strong>&#8211;<\/strong>Mamal\u00eega\u201d, \u201eLarga<strong>&#8211;<\/strong>Kelmen\u021b\u00ee\u201d \u0219i \u201eGiurgiule\u015fti<strong>&#8211;<\/strong>Reni\u201d, Guvernul a aprobat ast\u0103zi semnarea noilor protocoale \u00eentre institu\u021biile cu func\u021bii de control ale celor dou\u0103 state.<\/p>\n<p>\u00cen prezent, controlul comun se aplic\u0103 la \u0219ase puncte de trecere a frontierei moldo<strong>&#8211;<\/strong>ucrainene, inclusiv pe segmentul transnistrean &#8211; la \u201ePervomaisk<strong>&#8211;<\/strong>Cuciurgan\u201d. Republica Moldova \u0219i Ucraina au la frontier\u0103 67 de puncte comune de trecere, dintre care 25 sunt sunt pe segmentul transnistrean.<\/p>\n<p>Sursa:\u00a0<a href=\"http:\/\/www.ziarulnational.md\/controlul-comun-moldo-ucrainean-pe-segmentul-transnistrean-se-extinde-inca-in-doua-puncte-de-trecere-sa-avem-siguranta-ca-r-moldova-controleaza-tot-ce-intra-sau-iese-pe-acest-segment-de-frontiera\/\">http:\/\/www.ziarulnational.md\/<\/a><\/p>\n","protected":false},"excerpt":{"rendered":"<p>Controlul comun la frontiera moldo&#8211;ucrainean\u0103 se extinde \u00een alte dou\u0103 puncte de trecere pe segmentul transnistrean \u2013 \u00een punctul rutier \u201eGoianul Nou-Platonovo\u201d \u0219i \u00een punctul feroviar \u201eNovosavi\u0163caia&#8211;Cuciurgan\u201d. O decizie \u00een acest sens a fost luat\u0103 ast\u0103zi de Guvern. \u00cen ambele puncte de trecere, controlul comun va fi realizat pe teritoriul Ucrainei, dup\u0103 principiul \u201eo singur\u0103&#8230;<\/p>\n","protected":false},"author":2,"featured_media":0,"comment_status":"closed","ping_status":"open","sticky":false,"template":"","format":"standard","meta":[],"categories":[1],"tags":[],"_links":{"self":[{"href":"https:\/\/centers.ulbsibiu.ro\/ccsprise\/lact\/wp-json\/wp\/v2\/posts\/4814"}],"collection":[{"href":"https:\/\/centers.ulbsibiu.ro\/ccsprise\/lact\/wp-json\/wp\/v2\/posts"}],"about":[{"href":"https:\/\/centers.ulbsibiu.ro\/ccsprise\/lact\/wp-json\/wp\/v2\/types\/post"}],"author":[{"embeddable":true,"href":"https:\/\/centers.ulbsibiu.ro\/ccsprise\/lact\/wp-json\/wp\/v2\/users\/2"}],"replies":[{"embeddable":true,"href":"https:\/\/centers.ulbsibiu.ro\/ccsprise\/lact\/wp-json\/wp\/v2\/comments?post=4814"}],"version-history":[{"count":1,"href":"https:\/\/centers.ulbsibiu.ro\/ccsprise\/lact\/wp-json\/wp\/v2\/posts\/4814\/revisions"}],"predecessor-version":[{"id":4815,"href":"https:\/\/centers.ulbsibiu.ro\/ccsprise\/lact\/wp-json\/wp\/v2\/posts\/4814\/revisions\/4815"}],"wp:attachment":[{"href":"https:\/\/centers.ulbsibiu.ro\/ccsprise\/lact\/wp-json\/wp\/v2\/media?parent=4814"}],"wp:term":[{"taxonomy":"category","embeddable":true,"href":"https:\/\/centers.ulbsibiu.ro\/ccsprise\/lact\/wp-json\/wp\/v2\/categories?post=4814"},{"taxonomy":"post_tag","embeddable":true,"href":"https:\/\/centers.ulbsibiu.ro\/ccsprise\/lact\/wp-json\/wp\/v2\/tags?post=4814"}],"curies":[{"name":"wp","href":"https:\/\/api.w.org\/{rel}","templated":true}]}}