{"id":4811,"date":"2018-05-22T18:11:59","date_gmt":"2018-05-22T16:11:59","guid":{"rendered":"https:\/\/centers.ulbsibiu.ro\/ccsprise\/lact\/?p=4811"},"modified":"2018-05-22T18:11:59","modified_gmt":"2018-05-22T16:11:59","slug":"infotag-md-guvernul-transnistriei-propune-introducerea-unor-restrictii-la-importul-de-cabluri-in-regiune","status":"publish","type":"post","link":"https:\/\/centers.ulbsibiu.ro\/ccsprise\/lact\/infotag-md-guvernul-transnistriei-propune-introducerea-unor-restrictii-la-importul-de-cabluri-in-regiune\/","title":{"rendered":"Infotag.md &#8211; GUVERNUL TRANSNISTRIEI PROPUNE INTRODUCEREA UNOR RESTRIC\u0162II LA IMPORTUL DE CABLURI \u00ceN REGIUNE"},"content":{"rendered":"<p>Importul \u00een Transnistria a produc\u0163iei de cabluri \u015fi conductori ar putea fi restric\u0163ionat, \u00een primul r\u00e2nd pentru \u00eentreprinz\u0103torii individuali.<\/p>\n<p>Potrivit agen\u0163iei INFOTAG cu referire la site-ul guvernului autoproclamatei RMN, acest lucru este prev\u0103zut de modific\u0103rile legislative aprobate de executiv cu scopul de a proteja produc\u0103torii locali \u0219i de a spori calitatea produselor.<\/p>\n<p>\u201eModificarea va consolida controlul calit\u0103\u021bii \u0219i certificarea produselor de cablu \u0219i va sprijini produc\u0103torii locali din acest domeniu, a\u015fa cum este uzina \u201eMoldavkabeli\u201d din Bender\u201d, a spus viceministrul dezvolt\u0103rii economice, Natalia Sitkina, prezent\u00e2nd ini\u0163iativa.<\/p>\n<p>Aceasta a fost sus\u021binut\u0103 de pre\u0219edintele guvernului, Alexandr Mart\u00eenov, care consider\u0103 c\u0103 documentul include dou\u0103 puncte cheie.<\/p>\n<p>\u201ePrimul const\u0103 \u00een substituirea importului \u0219i stimularea \u00eentreprinderii transnistrene, care produce cablaje certificate \u0219i care corespund tuturor normelor. Conducerea \u00eentreprinderii sus\u0163ine c\u0103 este pe deplin responsabil\u0103 pentru calitate \u0219i garanteaz\u0103 c\u0103 pre\u021bul pentru produc\u0163ie nu va fi mai mare dec\u00e2t cel al produselor de import. Cel de-al doilea aspect esen\u021bial de care s-au ghidat autorii ini\u021biativei se refer\u0103 la siguran\u021ba \u00eempotriva incendiilor. \u00cen republica noastr\u0103, deseori sunt importate cabluri care nu \u00eentotdeauna respect\u0103 toate standardele tehnice \u015fi din acest motiv riscurile de incendii \u0219i alte scenarii negative sunt mari\u201d, a spus el.<\/p>\n<p>Potrivit lui, la adoptarea hot\u0103r\u00e2rii s-a \u0163inut cont de practica interna\u021bional\u0103 de reglementare a acestui domeniu, unde se aplic\u0103 \u201emecanisme legislative serioase\u201d \u00een privin\u0163a persoanelor fizice care doresc s\u0103 importe cabluri.<\/p>\n<p>Anterior, pentru a proteja interesele \u201eMoldavkabeli\u201d, autorit\u0103\u021bile din regiune au cerut antreprenorilor s\u0103 utilizeze \u00een construc\u021bii \u0219i domeniul produc\u021biei \u00een primul r\u00e2nd cablaje autohtone, pe care \u00eentreprinderea este dispus\u0103 s\u0103 le ofere \u00een sortimentul \u0219i cantitatea necesar\u0103.<\/p>\n<p>Totodat\u0103, pentru a salva uzina de faliment \u0219i a p\u0103stra colectivul, care num\u0103r\u0103 aproximativ 300 de persoane, Sovietul Suprem a diminuat impozitul pe venit p\u00e2n\u0103 la 1,5%.<\/p>\n<p>INFOTAG precizeaz\u0103: \u201eMoldavkabeli\u201d este cel mai mare produc\u0103tor de cabluri \u0219i de s\u00e2rm\u0103 din Moldova, fiind fondat\u0103 \u00een 1958 \u00een baza uzinei mecanice \u201eUkrmetdrevprom\u201d. \u00cen septembrie 2003, a intrat \u00een componen\u0163a \u201eSevkabeli-Holding\u201d din Rusia. Uzina produce o gam\u0103 larg\u0103 de produse de cablu \u0219i s\u00e2rm\u0103, iar o parte din acestea le livreaz\u0103 \u00een Rusia, Ucraina, Moldova, Belarus.<\/p>\n<p>Sursa:\u00a0<a href=\"http:\/\/www.infotag.md\/rebelion-ro\/263302\/\">http:\/\/www.infotag.md<\/a><\/p>\n","protected":false},"excerpt":{"rendered":"<p>Importul \u00een Transnistria a produc\u0163iei de cabluri \u015fi conductori ar putea fi restric\u0163ionat, \u00een primul r\u00e2nd pentru \u00eentreprinz\u0103torii individuali. Potrivit agen\u0163iei INFOTAG cu referire la site-ul guvernului autoproclamatei RMN, acest lucru este prev\u0103zut de modific\u0103rile legislative aprobate de executiv cu scopul de a proteja produc\u0103torii locali \u0219i de a spori calitatea produselor. \u201eModificarea va consolida&#8230;<\/p>\n","protected":false},"author":2,"featured_media":0,"comment_status":"closed","ping_status":"open","sticky":false,"template":"","format":"standard","meta":[],"categories":[1],"tags":[],"_links":{"self":[{"href":"https:\/\/centers.ulbsibiu.ro\/ccsprise\/lact\/wp-json\/wp\/v2\/posts\/4811"}],"collection":[{"href":"https:\/\/centers.ulbsibiu.ro\/ccsprise\/lact\/wp-json\/wp\/v2\/posts"}],"about":[{"href":"https:\/\/centers.ulbsibiu.ro\/ccsprise\/lact\/wp-json\/wp\/v2\/types\/post"}],"author":[{"embeddable":true,"href":"https:\/\/centers.ulbsibiu.ro\/ccsprise\/lact\/wp-json\/wp\/v2\/users\/2"}],"replies":[{"embeddable":true,"href":"https:\/\/centers.ulbsibiu.ro\/ccsprise\/lact\/wp-json\/wp\/v2\/comments?post=4811"}],"version-history":[{"count":1,"href":"https:\/\/centers.ulbsibiu.ro\/ccsprise\/lact\/wp-json\/wp\/v2\/posts\/4811\/revisions"}],"predecessor-version":[{"id":4812,"href":"https:\/\/centers.ulbsibiu.ro\/ccsprise\/lact\/wp-json\/wp\/v2\/posts\/4811\/revisions\/4812"}],"wp:attachment":[{"href":"https:\/\/centers.ulbsibiu.ro\/ccsprise\/lact\/wp-json\/wp\/v2\/media?parent=4811"}],"wp:term":[{"taxonomy":"category","embeddable":true,"href":"https:\/\/centers.ulbsibiu.ro\/ccsprise\/lact\/wp-json\/wp\/v2\/categories?post=4811"},{"taxonomy":"post_tag","embeddable":true,"href":"https:\/\/centers.ulbsibiu.ro\/ccsprise\/lact\/wp-json\/wp\/v2\/tags?post=4811"}],"curies":[{"name":"wp","href":"https:\/\/api.w.org\/{rel}","templated":true}]}}