{"id":4809,"date":"2018-05-22T18:10:07","date_gmt":"2018-05-22T16:10:07","guid":{"rendered":"https:\/\/centers.ulbsibiu.ro\/ccsprise\/lact\/?p=4809"},"modified":"2018-05-22T18:10:07","modified_gmt":"2018-05-22T16:10:07","slug":"gov-md-intrevederea-viceprim-ministrului-cristina-lesnic-cu-seful-misiunii-ue-de-asistenta-la-frontiera-in-moldova-si-ucraina-eubam-slawomir-pichor","status":"publish","type":"post","link":"https:\/\/centers.ulbsibiu.ro\/ccsprise\/lact\/gov-md-intrevederea-viceprim-ministrului-cristina-lesnic-cu-seful-misiunii-ue-de-asistenta-la-frontiera-in-moldova-si-ucraina-eubam-slawomir-pichor\/","title":{"rendered":"Gov.md &#8211; \u00centrevederea Viceprim-ministrului Cristina Lesnic cu \u0219eful Misiunii UE de Asisten\u0163\u0103 la Frontier\u0103 \u00een Moldova \u015fi Ucraina (EUBAM) Slawomir Pichor"},"content":{"rendered":"<p>Ast\u0103zi, 22 mai curent, Viceprim-ministrul Cristina Lesnic a avut o \u00eentrevedere cu \u0219eful Misiunii UE de Asisten\u0163\u0103 la Frontier\u0103 \u00een Moldova \u015fi Ucraina (EUBAM) Slawomir Pichor.<\/p>\n<p>\u00cen debutul \u0219edin\u021bei Slawomir Pichor a salutat progresul \u00eenregistrat \u00een ultimul timp \u00een dialogul dintre Chi\u0219in\u0103u \u0219i Tiraspol, invoc\u00e2nd \u00een acest sens importan\u0163a major\u0103 a desf\u0103\u0219ur\u0103rii urm\u0103toarei runde de negocieri \u00een formatul \u201e5+2\u201d, care va avea loc \u00een perioada 29-30 mai la Roma, Republica Italia.<\/p>\n<p>\u00cen cadrul \u0219edin\u021bei au fost abordate aspecte ce \u021bin de managementul integrat al frontierei \u00een contextul implement\u0103rii controlului \u00een comun pe segmentul central (transnistrean) al hotarului moldo-ucrainean, etapele ulterioare \u0219i m\u0103surile necesare de \u00eentreprins \u00een vederea promov\u0103rii acestui control pe \u00eentreg perimetrul men\u021bionat, rolul \u0219i asisten\u021ba oferit\u0103 pe aceast\u0103 dimensiune de c\u0103tre Misiunea EUBAM.<\/p>\n<p>De asemenea, s-a discutat despre proiectele curente \u0219i cele planificate, prin care Misiunea EUBAM acord\u0103 consiliere \u0219i suport tehnic \u00een vederea racord\u0103rii situa\u021biei \u0219i reglement\u0103rilor sectoriale din regiunea transnistrean\u0103 la exigen\u021bele legisla\u021biei Uniunii Europene fapt ce creeaz\u0103 premise propice \u0219i pentru instituirea spa\u021biilor unice \u00eentre ambele maluri ale Nistrului.<\/p>\n<p>La final, p\u0103r\u021bile au specificat necesitatea consolid\u0103rii eforturilor \u0219i sincroniz\u0103rii activit\u0103\u021bilor \u00eentru ob\u021binerea unor rezultate comune \u0219i identificarea solu\u021biilor viabile la cele mai actuale probleme de pe agenda procesului de reglementare transnistrean\u0103.<\/p>\n<p>Sursa:\u00a0<a href=\"https:\/\/gov.md\/ro\/content\/intrevederea-viceprim-ministrului-cristina-lesnic-cu-seful-misiunii-ue-de-asistenta-la-1\">https:\/\/gov.md\/<\/a><\/p>\n","protected":false},"excerpt":{"rendered":"<p>Ast\u0103zi, 22 mai curent, Viceprim-ministrul Cristina Lesnic a avut o \u00eentrevedere cu \u0219eful Misiunii UE de Asisten\u0163\u0103 la Frontier\u0103 \u00een Moldova \u015fi Ucraina (EUBAM) Slawomir Pichor. \u00cen debutul \u0219edin\u021bei Slawomir Pichor a salutat progresul \u00eenregistrat \u00een ultimul timp \u00een dialogul dintre Chi\u0219in\u0103u \u0219i Tiraspol, invoc\u00e2nd \u00een acest sens importan\u0163a major\u0103 a desf\u0103\u0219ur\u0103rii urm\u0103toarei runde de&#8230;<\/p>\n","protected":false},"author":2,"featured_media":0,"comment_status":"closed","ping_status":"open","sticky":false,"template":"","format":"standard","meta":[],"categories":[1],"tags":[],"_links":{"self":[{"href":"https:\/\/centers.ulbsibiu.ro\/ccsprise\/lact\/wp-json\/wp\/v2\/posts\/4809"}],"collection":[{"href":"https:\/\/centers.ulbsibiu.ro\/ccsprise\/lact\/wp-json\/wp\/v2\/posts"}],"about":[{"href":"https:\/\/centers.ulbsibiu.ro\/ccsprise\/lact\/wp-json\/wp\/v2\/types\/post"}],"author":[{"embeddable":true,"href":"https:\/\/centers.ulbsibiu.ro\/ccsprise\/lact\/wp-json\/wp\/v2\/users\/2"}],"replies":[{"embeddable":true,"href":"https:\/\/centers.ulbsibiu.ro\/ccsprise\/lact\/wp-json\/wp\/v2\/comments?post=4809"}],"version-history":[{"count":1,"href":"https:\/\/centers.ulbsibiu.ro\/ccsprise\/lact\/wp-json\/wp\/v2\/posts\/4809\/revisions"}],"predecessor-version":[{"id":4810,"href":"https:\/\/centers.ulbsibiu.ro\/ccsprise\/lact\/wp-json\/wp\/v2\/posts\/4809\/revisions\/4810"}],"wp:attachment":[{"href":"https:\/\/centers.ulbsibiu.ro\/ccsprise\/lact\/wp-json\/wp\/v2\/media?parent=4809"}],"wp:term":[{"taxonomy":"category","embeddable":true,"href":"https:\/\/centers.ulbsibiu.ro\/ccsprise\/lact\/wp-json\/wp\/v2\/categories?post=4809"},{"taxonomy":"post_tag","embeddable":true,"href":"https:\/\/centers.ulbsibiu.ro\/ccsprise\/lact\/wp-json\/wp\/v2\/tags?post=4809"}],"curies":[{"name":"wp","href":"https:\/\/api.w.org\/{rel}","templated":true}]}}