{"id":4802,"date":"2018-05-21T17:20:20","date_gmt":"2018-05-21T15:20:20","guid":{"rendered":"https:\/\/centers.ulbsibiu.ro\/ccsprise\/lact\/?p=4802"},"modified":"2018-05-21T17:20:20","modified_gmt":"2018-05-21T15:20:20","slug":"infotag-md-liderul-partidului-comunist-din-transnistria-oleg-horjan-a-fost-demis-din-functie","status":"publish","type":"post","link":"https:\/\/centers.ulbsibiu.ro\/ccsprise\/lact\/infotag-md-liderul-partidului-comunist-din-transnistria-oleg-horjan-a-fost-demis-din-functie\/","title":{"rendered":"Infotag.md &#8211; LIDERUL PARTIDULUI COMUNIST DIN TRANSNISTRIA, OLEG HORJAN, A FOST DEMIS DIN FUNC\u0162IE"},"content":{"rendered":"<p>Liderul Partidului Comunist din Transnistria, Oleg Horjan, a fost demis din func\u0163ie.<\/p>\n<p>Potrivit agen\u0163iei INFOTAG cu referire la site-ul principalului partid de opozi\u0163ie din autoproclamata RMN, decizia a fost luat\u0103 s\u00e2mb\u0103t\u0103 \u00een cadrul plenarei extraordinare a CC a partidului, care s-a convocat la ini\u0163iativa lui Horjan.<\/p>\n<p>Discut\u00e2nd informa\u0163ia lui Horjan, plenul a luat hot\u0103r\u00e2rea \u201e\u00een leg\u0103tur\u0103 cu necesitatea ap\u0103rut\u0103\u201d, care \u00eens\u0103 nu este men\u0163ionat\u0103, de a-l elibera din func\u021bia de pre\u0219edinte al partidului.<\/p>\n<p>P\u00e2n\u0103 la desf\u0103\u015furarea urm\u0103torului congres al partidului, sarcinile de conducere i-au fost \u00eencredin\u021bate secretarului pentru ideologie, Nadejda Bondarenko.<\/p>\n<p>Dup\u0103 cum a informat anterior INFOTAG, beneficiind de imunitate parlamentar\u0103, Horjan a devenit principalul critic al lui Vadim Krasnoselski dup\u0103 ce acesta a venit la guvernare. Liderul comunist a criticat noua guvernare \u015fi de la tribuna Sovietului Suprem, \u0219i pe linia partidului, \u0219i \u00een mass-media.<\/p>\n<p>Totodat\u0103, \u00een ultimul timp, el \u00eensu\u0219i a fost criticat dur inclusiv de colegii parlamentari \u00een leg\u0103tur\u0103 cu \u00eent\u00e2lnirile cu Pre\u0219edintele Republicii Moldova, Igor Dodon, \u0219i declara\u021biile f\u0103cute la ei.<\/p>\n<p>Sursa:\u00a0<a href=\"http:\/\/www.infotag.md\/rebelion-ro\/263269\/\">http:\/\/www.infotag.md\/<\/a><\/p>\n","protected":false},"excerpt":{"rendered":"<p>Liderul Partidului Comunist din Transnistria, Oleg Horjan, a fost demis din func\u0163ie. Potrivit agen\u0163iei INFOTAG cu referire la site-ul principalului partid de opozi\u0163ie din autoproclamata RMN, decizia a fost luat\u0103 s\u00e2mb\u0103t\u0103 \u00een cadrul plenarei extraordinare a CC a partidului, care s-a convocat la ini\u0163iativa lui Horjan. Discut\u00e2nd informa\u0163ia lui Horjan, plenul a luat hot\u0103r\u00e2rea \u201e\u00een&#8230;<\/p>\n","protected":false},"author":2,"featured_media":0,"comment_status":"closed","ping_status":"open","sticky":false,"template":"","format":"standard","meta":[],"categories":[1],"tags":[],"_links":{"self":[{"href":"https:\/\/centers.ulbsibiu.ro\/ccsprise\/lact\/wp-json\/wp\/v2\/posts\/4802"}],"collection":[{"href":"https:\/\/centers.ulbsibiu.ro\/ccsprise\/lact\/wp-json\/wp\/v2\/posts"}],"about":[{"href":"https:\/\/centers.ulbsibiu.ro\/ccsprise\/lact\/wp-json\/wp\/v2\/types\/post"}],"author":[{"embeddable":true,"href":"https:\/\/centers.ulbsibiu.ro\/ccsprise\/lact\/wp-json\/wp\/v2\/users\/2"}],"replies":[{"embeddable":true,"href":"https:\/\/centers.ulbsibiu.ro\/ccsprise\/lact\/wp-json\/wp\/v2\/comments?post=4802"}],"version-history":[{"count":1,"href":"https:\/\/centers.ulbsibiu.ro\/ccsprise\/lact\/wp-json\/wp\/v2\/posts\/4802\/revisions"}],"predecessor-version":[{"id":4803,"href":"https:\/\/centers.ulbsibiu.ro\/ccsprise\/lact\/wp-json\/wp\/v2\/posts\/4802\/revisions\/4803"}],"wp:attachment":[{"href":"https:\/\/centers.ulbsibiu.ro\/ccsprise\/lact\/wp-json\/wp\/v2\/media?parent=4802"}],"wp:term":[{"taxonomy":"category","embeddable":true,"href":"https:\/\/centers.ulbsibiu.ro\/ccsprise\/lact\/wp-json\/wp\/v2\/categories?post=4802"},{"taxonomy":"post_tag","embeddable":true,"href":"https:\/\/centers.ulbsibiu.ro\/ccsprise\/lact\/wp-json\/wp\/v2\/tags?post=4802"}],"curies":[{"name":"wp","href":"https:\/\/api.w.org\/{rel}","templated":true}]}}