{"id":4800,"date":"2018-05-21T17:18:50","date_gmt":"2018-05-21T15:18:50","guid":{"rendered":"https:\/\/centers.ulbsibiu.ro\/ccsprise\/lact\/?p=4800"},"modified":"2018-05-21T17:18:50","modified_gmt":"2018-05-21T15:18:50","slug":"deschide-md-seful-misiunii-osce-in-r-moldova-din-nou-la-masa-cu-separatistii","status":"publish","type":"post","link":"https:\/\/centers.ulbsibiu.ro\/ccsprise\/lact\/deschide-md-seful-misiunii-osce-in-r-moldova-din-nou-la-masa-cu-separatistii\/","title":{"rendered":"Deschide.md &#8211; \u0218eful misiunii OSCE \u00een R. Moldova, din nou la mas\u0103 cu separati\u0219tii"},"content":{"rendered":"<p>Author: Vasile Cojocari<\/p>\n<p><span lang=\"IT\">\u0218eful Misiunii OSCE \u00een Republica Moldova, Michael Scanlan, a \u00eentreprins ast\u0103zi o vizit\u0103 la Tiraspol unde a avut o \u00eentrevedere cu a\u0219a-zisul ministru de externe al Transnistriei, Vitalie Ignatiev.<\/span><\/p>\n<p><span lang=\"IT\">\u201eCei doi au f\u0103cut schimb de p\u0103reri cu privire la un spectru larg de \u00eentreb\u0103ri legate de acuala stare a procesului de negocieri dintre Transnistria \u0219i R. Moldova\u201d, se arat\u0103 \u00eentr-un comunicat al \u201ediploma\u021biei\u201d separatiste.<\/span><\/p>\n<p><span lang=\"IT\">O parte a discu\u021biei s-a axat pe implementarea protocoalelor semnate cu Chi\u0219in\u0103ul la sf\u00e2r\u0219itu lui 2017.<\/span><\/p>\n<p>Scanlan \u0219i Ignatiev au oferit o aten\u021bie deosebit\u0103 \u0219edin\u021bei \u00een formatul \u201e5+2\u201d, care urmeaz\u0103 s\u0103 aib\u0103 loc la Roma, la sf\u00e2r\u0219itul lunii curente.<\/p>\n<p>Textul complet:\u00a0<a href=\"https:\/\/deschide.md\/ro\/stiri\/politic\/31283\/\u0218eful-misiunii-OSCE-\u00een-R-Moldova-din-nou-la-mas\u0103-cu-separati\u0219tii.htm\">https:\/\/deschide.md\/<\/a><\/p>\n","protected":false},"excerpt":{"rendered":"<p>Author: Vasile Cojocari \u0218eful Misiunii OSCE \u00een Republica Moldova, Michael Scanlan, a \u00eentreprins ast\u0103zi o vizit\u0103 la Tiraspol unde a avut o \u00eentrevedere cu a\u0219a-zisul ministru de externe al Transnistriei, Vitalie Ignatiev. \u201eCei doi au f\u0103cut schimb de p\u0103reri cu privire la un spectru larg de \u00eentreb\u0103ri legate de acuala stare a procesului de negocieri&#8230;<\/p>\n","protected":false},"author":2,"featured_media":0,"comment_status":"closed","ping_status":"open","sticky":false,"template":"","format":"standard","meta":[],"categories":[1],"tags":[],"_links":{"self":[{"href":"https:\/\/centers.ulbsibiu.ro\/ccsprise\/lact\/wp-json\/wp\/v2\/posts\/4800"}],"collection":[{"href":"https:\/\/centers.ulbsibiu.ro\/ccsprise\/lact\/wp-json\/wp\/v2\/posts"}],"about":[{"href":"https:\/\/centers.ulbsibiu.ro\/ccsprise\/lact\/wp-json\/wp\/v2\/types\/post"}],"author":[{"embeddable":true,"href":"https:\/\/centers.ulbsibiu.ro\/ccsprise\/lact\/wp-json\/wp\/v2\/users\/2"}],"replies":[{"embeddable":true,"href":"https:\/\/centers.ulbsibiu.ro\/ccsprise\/lact\/wp-json\/wp\/v2\/comments?post=4800"}],"version-history":[{"count":1,"href":"https:\/\/centers.ulbsibiu.ro\/ccsprise\/lact\/wp-json\/wp\/v2\/posts\/4800\/revisions"}],"predecessor-version":[{"id":4801,"href":"https:\/\/centers.ulbsibiu.ro\/ccsprise\/lact\/wp-json\/wp\/v2\/posts\/4800\/revisions\/4801"}],"wp:attachment":[{"href":"https:\/\/centers.ulbsibiu.ro\/ccsprise\/lact\/wp-json\/wp\/v2\/media?parent=4800"}],"wp:term":[{"taxonomy":"category","embeddable":true,"href":"https:\/\/centers.ulbsibiu.ro\/ccsprise\/lact\/wp-json\/wp\/v2\/categories?post=4800"},{"taxonomy":"post_tag","embeddable":true,"href":"https:\/\/centers.ulbsibiu.ro\/ccsprise\/lact\/wp-json\/wp\/v2\/tags?post=4800"}],"curies":[{"name":"wp","href":"https:\/\/api.w.org\/{rel}","templated":true}]}}