{"id":4782,"date":"2018-05-17T18:51:24","date_gmt":"2018-05-17T16:51:24","guid":{"rendered":"https:\/\/centers.ulbsibiu.ro\/ccsprise\/lact\/?p=4782"},"modified":"2018-05-17T18:51:24","modified_gmt":"2018-05-17T16:51:24","slug":"gov-md-intrevederea-viceprim-ministrului-cristina-lesnic-cu-seful-misiunii-osce-in-republica-moldova-michael-scanlan-5","status":"publish","type":"post","link":"https:\/\/centers.ulbsibiu.ro\/ccsprise\/lact\/gov-md-intrevederea-viceprim-ministrului-cristina-lesnic-cu-seful-misiunii-osce-in-republica-moldova-michael-scanlan-5\/","title":{"rendered":"Gov.md &#8211; \u00centrevederea Viceprim-ministrului Cristina Lesnic cu \u0219eful Misiunii OSCE \u00een Republica Moldova Michael Scanlan"},"content":{"rendered":"<p>Ast\u0103zi, 17 mai curent, Viceprim-ministrul Cristina Lesnic a avut o \u00eentrevedere cu \u0219eful Misiunii OSCE \u00een Republica Moldova Michael Scanlan.<\/p>\n<p>Oficialii au discutat mersul preg\u0103tirilor pentru reuniunea oficial\u0103 \u00een formatul de negocieri \u201e5+2\u201d, care va avea loc \u00een perioada 29-30 de mai curent, la Roma, Italia. A fost specificat\u0103 importan\u021ba asigur\u0103rii unei continuit\u0103\u021bi \u00een cadrul negocierilor \u0219i livrarea unor rezultate concrete \u00een procesul de implementare a deciziilor protocolare semnate de c\u0103tre Chi\u0219in\u0103u \u0219i Tiraspol \u00een noiembrie 2017 \u0219i pe 24 aprilie 2018.<\/p>\n<p>De asemenea, cei doi s-au referit \u0219i la dinamica grupurilor de lucru. \u00cen acest sens, Vicepremierul Cristina Lesnic a punctat importan\u021ba demar\u0103rii lucr\u0103rilor grupului de lucru pentru drepturile omului, componen\u021ba c\u0103ruia a fost recent aprobat\u0103 din partea Chi\u0219in\u0103ului, cu \u00eenaintarea propunerii de a convoca p\u00e2n\u0103 la reuniunea de la Roma a unei \u0219edin\u021be comune cu implicarea exper\u021bilor de pe ambele maluri ale Nistrului.<\/p>\n<p>Totodat\u0103, au fost trecute \u00een revist\u0103 progresele \u00eenregistrate pe dosarele: \u0219colilor cu predare \u00een grafie latin\u0103 din regiunea transnistrean\u0103, apostil\u0103rii diplomelor de studii neutre emise de Universitatea \u201cTaras \u0218evcenco\u201d din Tiraspol, terenurilor agricole din raionul Dub\u0103sari, asigur\u0103rii liberei circula\u021bii pe podul dintre localit\u0103\u021bile Gura B\u00e2cului \u0219i B\u00e2cioc, organiz\u0103rii interac\u021biunii \u00een sfera comunica\u021biilor electronice \u0219i cel al autovehiculelor cu pl\u0103ci din st\u00e2nga Nistrului. A fost reiterat\u0103 obligativitatea finaliz\u0103rii integrale a fazei de solu\u021bionare a acestor dosare.<\/p>\n<p>De asemenea, a fost discutat\u0103 \u0219i situa\u021bia din perimetrul Zonei de Securitate, punct\u00e2ndu-se necesitatea respect\u0103rii angajamentelor asumate anterior, inclusiv \u00een partea ce \u021bine de restabilirea infrastructurii podului dintre localit\u0103\u021bile Gura B\u00e2cului \u0219i B\u00e2cioc \u0219i facilitarea circula\u021biei libere pe acesta.<\/p>\n<p>Sursa:\u00a0<a href=\"https:\/\/gov.md\/ro\/content\/intrevederea-viceprim-ministrului-cristina-lesnic-cu-seful-misiunii-osce-republica-moldova-3\">https:\/\/gov.md\/<\/a><\/p>\n","protected":false},"excerpt":{"rendered":"<p>Ast\u0103zi, 17 mai curent, Viceprim-ministrul Cristina Lesnic a avut o \u00eentrevedere cu \u0219eful Misiunii OSCE \u00een Republica Moldova Michael Scanlan. Oficialii au discutat mersul preg\u0103tirilor pentru reuniunea oficial\u0103 \u00een formatul de negocieri \u201e5+2\u201d, care va avea loc \u00een perioada 29-30 de mai curent, la Roma, Italia. A fost specificat\u0103 importan\u021ba asigur\u0103rii unei continuit\u0103\u021bi \u00een cadrul&#8230;<\/p>\n","protected":false},"author":2,"featured_media":0,"comment_status":"closed","ping_status":"open","sticky":false,"template":"","format":"standard","meta":[],"categories":[1],"tags":[],"_links":{"self":[{"href":"https:\/\/centers.ulbsibiu.ro\/ccsprise\/lact\/wp-json\/wp\/v2\/posts\/4782"}],"collection":[{"href":"https:\/\/centers.ulbsibiu.ro\/ccsprise\/lact\/wp-json\/wp\/v2\/posts"}],"about":[{"href":"https:\/\/centers.ulbsibiu.ro\/ccsprise\/lact\/wp-json\/wp\/v2\/types\/post"}],"author":[{"embeddable":true,"href":"https:\/\/centers.ulbsibiu.ro\/ccsprise\/lact\/wp-json\/wp\/v2\/users\/2"}],"replies":[{"embeddable":true,"href":"https:\/\/centers.ulbsibiu.ro\/ccsprise\/lact\/wp-json\/wp\/v2\/comments?post=4782"}],"version-history":[{"count":1,"href":"https:\/\/centers.ulbsibiu.ro\/ccsprise\/lact\/wp-json\/wp\/v2\/posts\/4782\/revisions"}],"predecessor-version":[{"id":4783,"href":"https:\/\/centers.ulbsibiu.ro\/ccsprise\/lact\/wp-json\/wp\/v2\/posts\/4782\/revisions\/4783"}],"wp:attachment":[{"href":"https:\/\/centers.ulbsibiu.ro\/ccsprise\/lact\/wp-json\/wp\/v2\/media?parent=4782"}],"wp:term":[{"taxonomy":"category","embeddable":true,"href":"https:\/\/centers.ulbsibiu.ro\/ccsprise\/lact\/wp-json\/wp\/v2\/categories?post=4782"},{"taxonomy":"post_tag","embeddable":true,"href":"https:\/\/centers.ulbsibiu.ro\/ccsprise\/lact\/wp-json\/wp\/v2\/tags?post=4782"}],"curies":[{"name":"wp","href":"https:\/\/api.w.org\/{rel}","templated":true}]}}