{"id":4780,"date":"2018-05-17T18:48:14","date_gmt":"2018-05-17T16:48:14","guid":{"rendered":"https:\/\/centers.ulbsibiu.ro\/ccsprise\/lact\/?p=4780"},"modified":"2018-05-17T18:48:14","modified_gmt":"2018-05-17T16:48:14","slug":"infotag-md-procuratura-transnistriei-sustine-ca-dosarul-penal-al-fostului-presedinte-evghenii-sevciuk-nu-are-niciun-substrat-politic","status":"publish","type":"post","link":"https:\/\/centers.ulbsibiu.ro\/ccsprise\/lact\/infotag-md-procuratura-transnistriei-sustine-ca-dosarul-penal-al-fostului-presedinte-evghenii-sevciuk-nu-are-niciun-substrat-politic\/","title":{"rendered":"Infotag.md &#8211; PROCURATURA TRANSNISTRIEI SUS\u0162INE C\u0102 DOSARUL PENAL AL FOSTULUI PRE\u015eEDINTE EVGHENII \u015eEVCIUK NU ARE NICIUN SUBSTRAT POLITIC"},"content":{"rendered":"<p>Dosarul penal \u00een privin\u0163a fostului pre\u015fedinte al Transnistriei, Evghenii \u015eevciuk, a fost finalizat \u015fi expediat \u00een instan\u0163a de judecat\u0103. Despre aceasta a anun\u0163at, miercuri, procurorul autoproclamatei RMN, Anatolii Gure\u0163kii, prezent\u00e2nd Sovietului Suprem raportul privind rezultatele activit\u0103\u0163ii procuraturii \u00een anul 2017.<\/p>\n<p>Potrivit agen\u0163iei INFOTAG cu referire la presa transnistrean\u0103, el a respins orice context politic \u00een urm\u0103rirea penal\u0103 a fostului lider de la Tiraspol, subliniind c\u0103 dosarul \u201enu are niciun substrat politic\u201d.<\/p>\n<p>\u201eUnii factori \u0219i nuan\u021be politice nici nu au fost luate \u00een considerare, a fost o activitate obi\u0219nuit\u0103 a procurorului de a studia materialele cauzei penale. Exist\u0103 o cauz\u0103 penal\u0103, exist\u0103 prevederile legii, Codul de procedur\u0103 penal\u0103, Codul penal, \u00een baza c\u0103rora sunt verificate materialele cauzei. Nu exist\u0103 nicio politic\u0103. Exist\u0103 doar dorin\u021ba celor care trebuie s\u0103 r\u0103spund\u0103 \u00een fa\u021ba legii de a transfera acest dosar \u00een albia politicului\u201d, consider\u0103 procurorul.<\/p>\n<p>Potrivit lui, \u201epractica c\u00e2nd acuzatul nu are argumente puternice \u00een ap\u0103rarea lui \u0219i el \u00eencearc\u0103 \u00een schimb s\u0103 fac\u0103 referin\u0163\u0103 la ni\u015fte circumstan\u021be care nu au leg\u0103tur\u0103 cu dosarul este destul de r\u0103sp\u00e2ndit\u0103, iar situa\u021bia cu dosarul penal pe numele lui \u0218evciuk este un exemplu\u201d.<\/p>\n<p>Dup\u0103 cum a informat anterior INFOTAG, la \u00eenceputul anului 2017, procuratura a pornit pe numele lui \u015eevciuk \u015fase cauze penale, pe care le-a comasat ulterior \u00een unul singur \u2013 \u201edelapidarea propriet\u0103\u0163ii de stat \u00een propor\u0163ii deosebit de mari\u201d. \u00cen iunie, Sovietul Suprem i-a retras imunitatea de care beneficia \u015eevciuk \u00een calitate de fost pre\u015fedinte. Imediat dup\u0103 aceasta, Evghenii \u015eevciuk a fugit din regiune \u015fi a plecat \u00een Rusia, apoi \u00een Germania. El consider\u0103 c\u0103 toate acuza\u0163iile aduse sunt ilegale \u015fi nejustificate, iar dosarul este motivat politic.<\/p>\n<p>Sursa:\u00a0<a href=\"http:\/\/www.infotag.md\/rebelion-ro\/263194\/\">http:\/\/www.infotag.md\/<\/a><\/p>\n","protected":false},"excerpt":{"rendered":"<p>Dosarul penal \u00een privin\u0163a fostului pre\u015fedinte al Transnistriei, Evghenii \u015eevciuk, a fost finalizat \u015fi expediat \u00een instan\u0163a de judecat\u0103. Despre aceasta a anun\u0163at, miercuri, procurorul autoproclamatei RMN, Anatolii Gure\u0163kii, prezent\u00e2nd Sovietului Suprem raportul privind rezultatele activit\u0103\u0163ii procuraturii \u00een anul 2017. Potrivit agen\u0163iei INFOTAG cu referire la presa transnistrean\u0103, el a respins orice context politic \u00een&#8230;<\/p>\n","protected":false},"author":2,"featured_media":0,"comment_status":"closed","ping_status":"open","sticky":false,"template":"","format":"standard","meta":[],"categories":[1],"tags":[],"_links":{"self":[{"href":"https:\/\/centers.ulbsibiu.ro\/ccsprise\/lact\/wp-json\/wp\/v2\/posts\/4780"}],"collection":[{"href":"https:\/\/centers.ulbsibiu.ro\/ccsprise\/lact\/wp-json\/wp\/v2\/posts"}],"about":[{"href":"https:\/\/centers.ulbsibiu.ro\/ccsprise\/lact\/wp-json\/wp\/v2\/types\/post"}],"author":[{"embeddable":true,"href":"https:\/\/centers.ulbsibiu.ro\/ccsprise\/lact\/wp-json\/wp\/v2\/users\/2"}],"replies":[{"embeddable":true,"href":"https:\/\/centers.ulbsibiu.ro\/ccsprise\/lact\/wp-json\/wp\/v2\/comments?post=4780"}],"version-history":[{"count":1,"href":"https:\/\/centers.ulbsibiu.ro\/ccsprise\/lact\/wp-json\/wp\/v2\/posts\/4780\/revisions"}],"predecessor-version":[{"id":4781,"href":"https:\/\/centers.ulbsibiu.ro\/ccsprise\/lact\/wp-json\/wp\/v2\/posts\/4780\/revisions\/4781"}],"wp:attachment":[{"href":"https:\/\/centers.ulbsibiu.ro\/ccsprise\/lact\/wp-json\/wp\/v2\/media?parent=4780"}],"wp:term":[{"taxonomy":"category","embeddable":true,"href":"https:\/\/centers.ulbsibiu.ro\/ccsprise\/lact\/wp-json\/wp\/v2\/categories?post=4780"},{"taxonomy":"post_tag","embeddable":true,"href":"https:\/\/centers.ulbsibiu.ro\/ccsprise\/lact\/wp-json\/wp\/v2\/tags?post=4780"}],"curies":[{"name":"wp","href":"https:\/\/api.w.org\/{rel}","templated":true}]}}