{"id":4778,"date":"2018-05-17T18:44:40","date_gmt":"2018-05-17T16:44:40","guid":{"rendered":"https:\/\/centers.ulbsibiu.ro\/ccsprise\/lact\/?p=4778"},"modified":"2018-05-17T18:44:40","modified_gmt":"2018-05-17T16:44:40","slug":"gov-md-delegatia-republicii-moldova-in-comisia-unificata-de-control-a-cerut-eliminarea-posturilor-mobile-amplasate-in-bender","status":"publish","type":"post","link":"https:\/\/centers.ulbsibiu.ro\/ccsprise\/lact\/gov-md-delegatia-republicii-moldova-in-comisia-unificata-de-control-a-cerut-eliminarea-posturilor-mobile-amplasate-in-bender\/","title":{"rendered":"Gov.md &#8211; Delega\u021bia Republicii Moldova \u00een Comisia Unificat\u0103 de Control a cerut eliminarea posturilor mobile amplasate \u00een Bender"},"content":{"rendered":"<p>\u0218edin\u021ba Comisiei Unificate de Control din 17 mai curent s-a desf\u0103\u0219urat \u00een or. Bender, fiind prezidat\u0103 de delega\u021bia regiunii transnistrene.<\/p>\n<p>La primul subiect din agend\u0103, care vizeaz\u0103 aspectele organizatorice, reprezentantul Tiraspolului a anun\u021bat despre retragerea din cadrul delega\u021biei transnistrene a expertului \u00een probleme vamale Ivan Haricicov.<\/p>\n<p>\u00cen continuarea \u0219edin\u021bei, Comisia a audiat raportul s\u0103pt\u0103m\u00e2nal privind situa\u021bia din Zona de Securitate, prezentat de Comandamentul Militar \u00centrunit (CM\u00ce). Raportorul Vitalii Morozov, \u0219ef al Statului-major al CM\u00ce, a informat c\u0103 \u00een urma monitoriz\u0103rii Zonei de Securitate, efectuat\u0103 \u00een perioada 7 \u2013 15 mai, s-a constatat c\u0103 situa\u021bia este calm\u0103.<\/p>\n<p>Delega\u021bia Republicii Moldova a adus \u00een aten\u021bia p\u0103r\u021bilor, \u00een special, a componentei transnistrene, necesitatea de a exclude amplasarea unilateral\u0103 a a\u0219a-numitor posturi mobile de control gr\u0103niceresc \u0219i vamal \u00een ora\u0219ul Bender, declarat localitate cu regim sporit de securitate. Astfel, prin ac\u021biunile reprezentan\u021bilor transnistreni, cet\u0103\u021benii sunt supu\u0219i f\u0103r\u0103 temei unui control riguros chiar \u00een perimetrul ora\u0219ului, fiindu-le restr\u00e2ns dreptul la libera circula\u021bie. Asemenea ac\u021biuni, care\u00a0 \u00een ultimul timp au fost fixate de mai multe ori, demonstreaz\u0103 clar \u00eenc\u0103lcarea regimului Zonei de Securitate de c\u0103tre structurile de for\u021b\u0103 anticonstitu\u021bionale.<\/p>\n<p>Ulterior, a avut loc o \u0219edin\u021b\u0103 de lucru a co-pre\u0219edin\u021bilor Comisiei Unificate de Control, reprezentan\u021bilor Ucrainei \u0219i Misiunii OSCE \u00een Republica Moldova, la care s-a discutat asupra textului final al proiectului deciziei referitor la asigurarea securit\u0103\u021bii \u0219i liberei circula\u021bii pe podul peste r\u00e2ul Nistru din preajma satelor Gura B\u00e2cului \u0219i B\u00e2cioc.<\/p>\n<p>Reprezentantul Ucrainei \u00een Comisia Unificat\u0103 de Control, Serghei Jivciuc, a f\u0103cut apel c\u0103tre p\u0103r\u021bi de a mobiliza eforturile pentru identificarea solu\u021biei de compromis. Acesta a reamintit c\u0103 \u00een cel mai scurt timp se va convoca o nou\u0103 reuniune \u00een formatul 5+2, iar nesolu\u021bionarea problemelor legate de libera circula\u021bie pe acest pod, ar putea avea impact negativ asupra deciziei finale \u00een cadrul reuniunii, dar \u0219i asupra implement\u0103rii mai multor proiecte de asisten\u021b\u0103 \u00een aceast\u0103 regiune.<\/p>\n<p>Cu regret, nici de aceast\u0103 dat\u0103 nu s-a atins un consens, fiind luat\u0103 o pauz\u0103 pentru consult\u0103ri suplimentare.<\/p>\n<p>Urm\u0103toarea \u0219edin\u021b\u0103 a Comisiei Unificate de Control va avea loc la 24 mai.<\/p>\n<p>Sursa:\u00a0<a href=\"https:\/\/gov.md\/ro\/content\/delegatia-republicii-moldova-comisia-unificata-de-control-cerut-eliminarea-posturilor-mobile\">https:\/\/gov.md\/<\/a><\/p>\n","protected":false},"excerpt":{"rendered":"<p>\u0218edin\u021ba Comisiei Unificate de Control din 17 mai curent s-a desf\u0103\u0219urat \u00een or. Bender, fiind prezidat\u0103 de delega\u021bia regiunii transnistrene. La primul subiect din agend\u0103, care vizeaz\u0103 aspectele organizatorice, reprezentantul Tiraspolului a anun\u021bat despre retragerea din cadrul delega\u021biei transnistrene a expertului \u00een probleme vamale Ivan Haricicov. \u00cen continuarea \u0219edin\u021bei, Comisia a audiat raportul s\u0103pt\u0103m\u00e2nal privind&#8230;<\/p>\n","protected":false},"author":2,"featured_media":0,"comment_status":"closed","ping_status":"open","sticky":false,"template":"","format":"standard","meta":[],"categories":[1],"tags":[],"_links":{"self":[{"href":"https:\/\/centers.ulbsibiu.ro\/ccsprise\/lact\/wp-json\/wp\/v2\/posts\/4778"}],"collection":[{"href":"https:\/\/centers.ulbsibiu.ro\/ccsprise\/lact\/wp-json\/wp\/v2\/posts"}],"about":[{"href":"https:\/\/centers.ulbsibiu.ro\/ccsprise\/lact\/wp-json\/wp\/v2\/types\/post"}],"author":[{"embeddable":true,"href":"https:\/\/centers.ulbsibiu.ro\/ccsprise\/lact\/wp-json\/wp\/v2\/users\/2"}],"replies":[{"embeddable":true,"href":"https:\/\/centers.ulbsibiu.ro\/ccsprise\/lact\/wp-json\/wp\/v2\/comments?post=4778"}],"version-history":[{"count":1,"href":"https:\/\/centers.ulbsibiu.ro\/ccsprise\/lact\/wp-json\/wp\/v2\/posts\/4778\/revisions"}],"predecessor-version":[{"id":4779,"href":"https:\/\/centers.ulbsibiu.ro\/ccsprise\/lact\/wp-json\/wp\/v2\/posts\/4778\/revisions\/4779"}],"wp:attachment":[{"href":"https:\/\/centers.ulbsibiu.ro\/ccsprise\/lact\/wp-json\/wp\/v2\/media?parent=4778"}],"wp:term":[{"taxonomy":"category","embeddable":true,"href":"https:\/\/centers.ulbsibiu.ro\/ccsprise\/lact\/wp-json\/wp\/v2\/categories?post=4778"},{"taxonomy":"post_tag","embeddable":true,"href":"https:\/\/centers.ulbsibiu.ro\/ccsprise\/lact\/wp-json\/wp\/v2\/tags?post=4778"}],"curies":[{"name":"wp","href":"https:\/\/api.w.org\/{rel}","templated":true}]}}