{"id":4774,"date":"2018-05-16T21:03:46","date_gmt":"2018-05-16T19:03:46","guid":{"rendered":"https:\/\/centers.ulbsibiu.ro\/ccsprise\/lact\/?p=4774"},"modified":"2018-05-16T21:03:46","modified_gmt":"2018-05-16T19:03:46","slug":"ziarulnational-md-proprietarii-de-terenuri-agricole-din-raionul-dubasari-vor-primi-16-milioane-de-lei-de-la-guvern","status":"publish","type":"post","link":"https:\/\/centers.ulbsibiu.ro\/ccsprise\/lact\/ziarulnational-md-proprietarii-de-terenuri-agricole-din-raionul-dubasari-vor-primi-16-milioane-de-lei-de-la-guvern\/","title":{"rendered":"Ziarulnational.md &#8211; Proprietarii de terenuri agricole din raionul Dub\u0103sari vor primi 16 MILIOANE de lei de la Guvern"},"content":{"rendered":"<p>Proprietarii terenurilor agricole amplasate dup\u0103 traseul R\u00eebni\u021ba-Tiraspol vor primi compensa\u021bii pentru pierderile suportate \u00een anii 2017-2018, \u00een urma imposibilit\u0103\u021bii de a-\u0219i prelucra loturile de p\u0103m\u00e2nt. O hot\u0103r\u00e2re \u00een acest sens a fost aprobat\u0103 ast\u0103zi de Cabinetul de mini\u0219tri.<\/p>\n<p>Mijloacele vor fi alocate din fondul de rezerv\u0103 al Guvernului, sub forma unor pl\u0103\u0163i directe, \u00een m\u0103rime de 1229,68 de lei per hectar. Astfel, pentru perioada 2017-2018, prim\u0103ria comunei Cocieri va primi 4,02 milioane de lei, prim\u0103ria comunei Co\u0219ni\u021ba \u2013 2,68 milioane de lei, iar prim\u0103ria satului Doro\u021bcaia \u2013 6,82 milioane de lei.<\/p>\n<p>De asemenea, sprijin va fi acordat fermierilor din Molovata Nou\u0103, \u00een sum\u0103 de 1,12 milioane de lei \u0219i celor din satul P\u00e2r\u00e2ta, \u00een valoare de 1,3 milioane de lei.<\/p>\n<p>Mijloacele alocate prim\u0103riilor, \u00een valoare total\u0103 de aproximativ 16 milioane de lei, urmeaz\u0103 a fi repartizate \u00een baza unui regulament elaborat \u0219i aprobat de consiliile locale. Aloca\u021biile vor permite acoperirea pl\u0103\u021bii pentru arend\u0103, care ar fi fost oferit\u0103 de c\u0103tre arenda\u0219 \u00een cazul prelucr\u0103rii terenurilor \u0219i va contribui la dezvoltarea localit\u0103\u021bilor din zona de securitate.<\/p>\n<p>Amintim c\u0103 agricultorii din raionul Dub\u0103sari nu au avut acces la terenurile situate dup\u0103 traseul Tiraspol-R\u00e2bni\u0163a din anul 2014, iar \u00een urma negocierilor purtate \u00eentre Chi\u0219in\u0103u \u0219i Tiraspol accesul la loturile de p\u0103m\u00e2nt a fost restabilit pentru un termen de 20 de ani, \u00eencep\u00e2nd din 1 august curent.<\/p>\n<p>Sursa:\u00a0<a href=\"http:\/\/www.ziarulnational.md\/proprietarii-de-terenuri-agricole-din-raionul-dubasari-vor-primi-16-milioane-de-lei-de-la-guvern\/\">http:\/\/www.ziarulnational.md<\/a><\/p>\n","protected":false},"excerpt":{"rendered":"<p>Proprietarii terenurilor agricole amplasate dup\u0103 traseul R\u00eebni\u021ba-Tiraspol vor primi compensa\u021bii pentru pierderile suportate \u00een anii 2017-2018, \u00een urma imposibilit\u0103\u021bii de a-\u0219i prelucra loturile de p\u0103m\u00e2nt. O hot\u0103r\u00e2re \u00een acest sens a fost aprobat\u0103 ast\u0103zi de Cabinetul de mini\u0219tri. Mijloacele vor fi alocate din fondul de rezerv\u0103 al Guvernului, sub forma unor pl\u0103\u0163i directe, \u00een m\u0103rime&#8230;<\/p>\n","protected":false},"author":2,"featured_media":0,"comment_status":"closed","ping_status":"open","sticky":false,"template":"","format":"standard","meta":[],"categories":[1],"tags":[],"_links":{"self":[{"href":"https:\/\/centers.ulbsibiu.ro\/ccsprise\/lact\/wp-json\/wp\/v2\/posts\/4774"}],"collection":[{"href":"https:\/\/centers.ulbsibiu.ro\/ccsprise\/lact\/wp-json\/wp\/v2\/posts"}],"about":[{"href":"https:\/\/centers.ulbsibiu.ro\/ccsprise\/lact\/wp-json\/wp\/v2\/types\/post"}],"author":[{"embeddable":true,"href":"https:\/\/centers.ulbsibiu.ro\/ccsprise\/lact\/wp-json\/wp\/v2\/users\/2"}],"replies":[{"embeddable":true,"href":"https:\/\/centers.ulbsibiu.ro\/ccsprise\/lact\/wp-json\/wp\/v2\/comments?post=4774"}],"version-history":[{"count":1,"href":"https:\/\/centers.ulbsibiu.ro\/ccsprise\/lact\/wp-json\/wp\/v2\/posts\/4774\/revisions"}],"predecessor-version":[{"id":4775,"href":"https:\/\/centers.ulbsibiu.ro\/ccsprise\/lact\/wp-json\/wp\/v2\/posts\/4774\/revisions\/4775"}],"wp:attachment":[{"href":"https:\/\/centers.ulbsibiu.ro\/ccsprise\/lact\/wp-json\/wp\/v2\/media?parent=4774"}],"wp:term":[{"taxonomy":"category","embeddable":true,"href":"https:\/\/centers.ulbsibiu.ro\/ccsprise\/lact\/wp-json\/wp\/v2\/categories?post=4774"},{"taxonomy":"post_tag","embeddable":true,"href":"https:\/\/centers.ulbsibiu.ro\/ccsprise\/lact\/wp-json\/wp\/v2\/tags?post=4774"}],"curies":[{"name":"wp","href":"https:\/\/api.w.org\/{rel}","templated":true}]}}