{"id":4772,"date":"2018-05-16T21:01:19","date_gmt":"2018-05-16T19:01:19","guid":{"rendered":"https:\/\/centers.ulbsibiu.ro\/ccsprise\/lact\/?p=4772"},"modified":"2018-05-16T21:01:19","modified_gmt":"2018-05-16T19:01:19","slug":"gov-md-intrevederea-viceprim-ministrului-cristina-lesnic-cu-seful-delegatiei-uniunii-europene-in-republica-moldova-peter-michalko-2","status":"publish","type":"post","link":"https:\/\/centers.ulbsibiu.ro\/ccsprise\/lact\/gov-md-intrevederea-viceprim-ministrului-cristina-lesnic-cu-seful-delegatiei-uniunii-europene-in-republica-moldova-peter-michalko-2\/","title":{"rendered":"Gov.md &#8211; \u00centrevederea Viceprim-ministrului Cristina Lesnic cu \u015feful Delega\u021biei Uniunii Europene \u00een Republica Moldova Peter Michalko"},"content":{"rendered":"<p align=\"JUSTIFY\">La 16 mai curent, Viceprim-ministrul Cristina Lesnic a avut o \u00eentrevedere cu \u015feful Delega\u021biei Uniunii Europene \u00een Republica Moldova Peter Michalko.<\/p>\n<p align=\"JUSTIFY\">\u00cen cadrul discu\u021biei oficialii au abordat ultimele evolu\u021bii \u00een procesul de negocieri pentru reglementarea transnistrean\u0103, dinamica \u00eenregistrat\u0103 \u00een implementarea priorit\u0103\u021bilor ce figureaz\u0103 \u00een a\u0219a-numitul pachet Berlin plus, precum \u0219i aspecte legate de desf\u0103\u015furarea urm\u0103toarei runde de negocieri \u00een formatul \u201e5+2\u201d, care va avea loc \u00een perioada 29-30 mai la Roma, Italia.<\/p>\n<p align=\"JUSTIFY\">De asemenea, a fost reiterat\u0103 disponibilitatea deplin\u0103 a UE de a contribui cu asisten\u021ba tehnic\u0103 \u0219i financiar\u0103 necesar\u0103, direc\u021bionat\u0103 spre realizarea ini\u021biativelor de promovare a m\u0103surilor de consolidare a \u00eencrederii, sprijinirea procesului de reglementare \u0219i implementarea proiectelor de dezvoltare durabil\u0103 \u00een localit\u0103\u021bile din raioanele de est ale \u021b\u0103rii.<\/p>\n<p align=\"JUSTIFY\">Cu acest prilej s-a reiterat c\u0103 UE este dispus\u0103 s\u0103 finan\u021beze elaborarea studiului de fezabilitate \u0219i organizarea lucr\u0103rilor de repara\u021bie\/ modernizare a infrastructurii podului dintre localit\u0103\u021bile Gura B\u00e2cului \u0219i B\u00e2cioc, deleg\u00e2nd \u00een acest sens un expert ce urmeaz\u0103 \u00een comun cu responsabilii din cadrul Ministerului Economiei \u0219i Infrastructurii s\u0103 se implice \u00een procesul de evaluare tehnic\u0103 a capacit\u0103\u021bilor podului \u0219i de stabilire a interven\u021biilor ce se impun a fi efectuate.<\/p>\n<p align=\"JUSTIFY\">Vicepremierul a mul\u021bumit oficialului european pentru suportul acordat \u0219i totodat\u0103, a reiterat c\u0103 partea moldoveneasc\u0103 va men\u021bine \u0219i \u00een continuare o abordare proactiv\u0103 \u00een cadrul procesului de negocieri, precum \u0219i va contribui la identificarea unor solu\u021bii constructive \u0219i favorabile intereselor popula\u021biei de pe ambele maluri ale Nistrului.<\/p>\n<p align=\"JUSTIFY\">Sursa:\u00a0<a href=\"https:\/\/gov.md\/ro\/content\/intrevederea-viceprim-ministrului-cristina-lesnic-cu-seful-delegatiei-uniunii-europene-0\">https:\/\/gov.md\/<\/a><\/p>\n","protected":false},"excerpt":{"rendered":"<p>La 16 mai curent, Viceprim-ministrul Cristina Lesnic a avut o \u00eentrevedere cu \u015feful Delega\u021biei Uniunii Europene \u00een Republica Moldova Peter Michalko. \u00cen cadrul discu\u021biei oficialii au abordat ultimele evolu\u021bii \u00een procesul de negocieri pentru reglementarea transnistrean\u0103, dinamica \u00eenregistrat\u0103 \u00een implementarea priorit\u0103\u021bilor ce figureaz\u0103 \u00een a\u0219a-numitul pachet Berlin plus, precum \u0219i aspecte legate de desf\u0103\u015furarea urm\u0103toarei&#8230;<\/p>\n","protected":false},"author":2,"featured_media":0,"comment_status":"closed","ping_status":"open","sticky":false,"template":"","format":"standard","meta":[],"categories":[1],"tags":[],"_links":{"self":[{"href":"https:\/\/centers.ulbsibiu.ro\/ccsprise\/lact\/wp-json\/wp\/v2\/posts\/4772"}],"collection":[{"href":"https:\/\/centers.ulbsibiu.ro\/ccsprise\/lact\/wp-json\/wp\/v2\/posts"}],"about":[{"href":"https:\/\/centers.ulbsibiu.ro\/ccsprise\/lact\/wp-json\/wp\/v2\/types\/post"}],"author":[{"embeddable":true,"href":"https:\/\/centers.ulbsibiu.ro\/ccsprise\/lact\/wp-json\/wp\/v2\/users\/2"}],"replies":[{"embeddable":true,"href":"https:\/\/centers.ulbsibiu.ro\/ccsprise\/lact\/wp-json\/wp\/v2\/comments?post=4772"}],"version-history":[{"count":1,"href":"https:\/\/centers.ulbsibiu.ro\/ccsprise\/lact\/wp-json\/wp\/v2\/posts\/4772\/revisions"}],"predecessor-version":[{"id":4773,"href":"https:\/\/centers.ulbsibiu.ro\/ccsprise\/lact\/wp-json\/wp\/v2\/posts\/4772\/revisions\/4773"}],"wp:attachment":[{"href":"https:\/\/centers.ulbsibiu.ro\/ccsprise\/lact\/wp-json\/wp\/v2\/media?parent=4772"}],"wp:term":[{"taxonomy":"category","embeddable":true,"href":"https:\/\/centers.ulbsibiu.ro\/ccsprise\/lact\/wp-json\/wp\/v2\/categories?post=4772"},{"taxonomy":"post_tag","embeddable":true,"href":"https:\/\/centers.ulbsibiu.ro\/ccsprise\/lact\/wp-json\/wp\/v2\/tags?post=4772"}],"curies":[{"name":"wp","href":"https:\/\/api.w.org\/{rel}","templated":true}]}}