{"id":4770,"date":"2018-05-15T19:36:48","date_gmt":"2018-05-15T17:36:48","guid":{"rendered":"https:\/\/centers.ulbsibiu.ro\/ccsprise\/lact\/?p=4770"},"modified":"2018-05-15T19:36:48","modified_gmt":"2018-05-15T17:36:48","slug":"deschide-md-gubarev-a-venit-la-tiraspol-sa-instruiasca-separatistii-pentru-sedinta-52-de-la-roma","status":"publish","type":"post","link":"https:\/\/centers.ulbsibiu.ro\/ccsprise\/lact\/deschide-md-gubarev-a-venit-la-tiraspol-sa-instruiasca-separatistii-pentru-sedinta-52-de-la-roma\/","title":{"rendered":"Deschide.md &#8211; Gubarev a venit la Tiraspol s\u0103 instruiasc\u0103 separati\u0219tii pentru \u0219edin\u021ba \u201e5+2\u201d de la Roma"},"content":{"rendered":"<p>Author: Vasile Cojocari<\/p>\n<p>Reprezentantul Ministerului rus de Externe pentru regiunea transnistrean\u0103, Serghei Gubarev a \u021binut ast\u0103zi \u201eprelegeri\u201d separati\u0219tilor de la Tiraspol \u00een contextul unei noi reuniuni \u00een formatul \u201e5+2\u201d la Roma.<\/p>\n<p>Gubarev s-a v\u0103zut cu liderul grup\u0103rii separatiste de la Tiraspol, Vadim Krasnoselski \u0219i au trecut \u00een revist\u0103 interesele lor la viitoarea \u00eent\u00e2lnire \u00een formatul 5+2. Krasnoselski a subliniat rolul Moscovei \u00een procesul de negocieri \u0219i suportul pe care \u00eel acord\u0103 regiunii separatiste.<\/p>\n<p>La Roma (nr. reuniunea va avea loc \u00eentre 29-30 mai) urmeaz\u0103 s\u0103 fie discutate chestiunile finale \u00een ceea ce \u021bine de acordurile la care s-a ajuns \u00een ultima perioad\u0103.<\/p>\n<p>Serghei Gubarev a apreciat rezolvarea problemei transportului din st\u00e2nga Nistrului care urmeaz\u0103 s\u0103 fie introdus \u00een traficul interna\u021bional prin intermediul pl\u0103cu\u021belor de \u00eenmatriculare neutre.<\/p>\n<p>\u201eCel mai important la moment este ca ceea ce este scris frumos pe h\u00e2rtie s\u0103 fie la fel de frumos aplicat \u00een practic\u0103, vorbim despre problema transportului, problema agricultorilor care de\u021bin p\u0103m\u00e2nt dup\u0103 traseul Tiraspol-R\u00e2bni\u021ba \u0219i problema \u0219colilor\u201d, a subliniat Gubarev citat de c\u0103tre novostipmr.com.<\/p>\n<p>Articolul complet la:\u00a0<a href=\"https:\/\/deschide.md\/ro\/stiri\/politic\/30917\/Gubarev-a-venit-la-Tiraspol-s\u0103-instruiasc\u0103-separati\u0219tii-pentru-\u0219edin\u021ba-\u201e52\u201d-de-la-Roma.htm\">https:\/\/deschide.md\/<\/a><\/p>\n","protected":false},"excerpt":{"rendered":"<p>Author: Vasile Cojocari Reprezentantul Ministerului rus de Externe pentru regiunea transnistrean\u0103, Serghei Gubarev a \u021binut ast\u0103zi \u201eprelegeri\u201d separati\u0219tilor de la Tiraspol \u00een contextul unei noi reuniuni \u00een formatul \u201e5+2\u201d la Roma. Gubarev s-a v\u0103zut cu liderul grup\u0103rii separatiste de la Tiraspol, Vadim Krasnoselski \u0219i au trecut \u00een revist\u0103 interesele lor la viitoarea \u00eent\u00e2lnire \u00een formatul&#8230;<\/p>\n","protected":false},"author":2,"featured_media":0,"comment_status":"closed","ping_status":"open","sticky":false,"template":"","format":"standard","meta":[],"categories":[1],"tags":[],"_links":{"self":[{"href":"https:\/\/centers.ulbsibiu.ro\/ccsprise\/lact\/wp-json\/wp\/v2\/posts\/4770"}],"collection":[{"href":"https:\/\/centers.ulbsibiu.ro\/ccsprise\/lact\/wp-json\/wp\/v2\/posts"}],"about":[{"href":"https:\/\/centers.ulbsibiu.ro\/ccsprise\/lact\/wp-json\/wp\/v2\/types\/post"}],"author":[{"embeddable":true,"href":"https:\/\/centers.ulbsibiu.ro\/ccsprise\/lact\/wp-json\/wp\/v2\/users\/2"}],"replies":[{"embeddable":true,"href":"https:\/\/centers.ulbsibiu.ro\/ccsprise\/lact\/wp-json\/wp\/v2\/comments?post=4770"}],"version-history":[{"count":1,"href":"https:\/\/centers.ulbsibiu.ro\/ccsprise\/lact\/wp-json\/wp\/v2\/posts\/4770\/revisions"}],"predecessor-version":[{"id":4771,"href":"https:\/\/centers.ulbsibiu.ro\/ccsprise\/lact\/wp-json\/wp\/v2\/posts\/4770\/revisions\/4771"}],"wp:attachment":[{"href":"https:\/\/centers.ulbsibiu.ro\/ccsprise\/lact\/wp-json\/wp\/v2\/media?parent=4770"}],"wp:term":[{"taxonomy":"category","embeddable":true,"href":"https:\/\/centers.ulbsibiu.ro\/ccsprise\/lact\/wp-json\/wp\/v2\/categories?post=4770"},{"taxonomy":"post_tag","embeddable":true,"href":"https:\/\/centers.ulbsibiu.ro\/ccsprise\/lact\/wp-json\/wp\/v2\/tags?post=4770"}],"curies":[{"name":"wp","href":"https:\/\/api.w.org\/{rel}","templated":true}]}}