{"id":4768,"date":"2018-05-15T19:30:30","date_gmt":"2018-05-15T17:30:30","guid":{"rendered":"https:\/\/centers.ulbsibiu.ro\/ccsprise\/lact\/?p=4768"},"modified":"2018-05-15T19:30:30","modified_gmt":"2018-05-15T17:30:30","slug":"gov-md-intrevederea-viceprim-ministrului-cristina-lesnic-cu-ambasadorul-republicii-italiene-in-republica-moldova-valeria-biagiotti","status":"publish","type":"post","link":"https:\/\/centers.ulbsibiu.ro\/ccsprise\/lact\/gov-md-intrevederea-viceprim-ministrului-cristina-lesnic-cu-ambasadorul-republicii-italiene-in-republica-moldova-valeria-biagiotti\/","title":{"rendered":"Gov.md &#8211; \u00centrevederea Viceprim-ministrului Cristina Lesnic cu Ambasadorul Republicii Italiene \u00een Republica Moldova Valeria Biagiotti"},"content":{"rendered":"<p>Viceprim-ministrul Cristina Lesnic a avut ast\u0103zi, 15 mai, o \u00eentrevedere cu Ambasadorul Republicii Italiene \u00een Republica Moldova Valeria Biagiotti.<\/p>\n<p>\u00cen cadrul \u00eentrevederii oficialii au abordat ultimele evolu\u021bii \u00een cadrul procesului de negocieri dintre Chi\u0219in\u0103u \u0219i Tiraspol. Oficialul european a apreciat drept pozitive ultimele tendin\u021be din cadrul negocierilor \u0219i a exprimat speran\u021ba c\u0103 \u00een timpul apropiat se va g\u0103si consens \u00een rezolvarea celor mai stringente probleme.<\/p>\n<p>A fost trecut\u0103 \u00een agend\u0103 \u0219i desf\u0103\u0219urarea urm\u0103toarei runde de negocieri \u00een formatul \u201e5+2\u201d, care va avea loc \u00een perioada 29-30 mai la Roma, Republica Italia. \u00cen context, au fost abordate subiecte organizatorice \u0219i agenda de discu\u021bii a evenimentului.<\/p>\n<p>La final, Vicepremierul Cristina Lesnic a mul\u021bumit Ambasadorului pentru suportul acordat din partea Republicii Italia \u00een reglementarea transnistrean\u0103 \u0219i \u0219i-a manifestat deschiderea \u00een continuare pentru men\u021binerea unui dialog productiv \u00een acest sens.<\/p>\n<p>Sursa:\u00a0<a href=\"https:\/\/gov.md\/ro\/content\/intrevederea-viceprim-ministrului-cristina-lesnic-cu-ambasadorul-republicii-italiene-0\">https:\/\/gov.md\/<\/a><\/p>\n","protected":false},"excerpt":{"rendered":"<p>Viceprim-ministrul Cristina Lesnic a avut ast\u0103zi, 15 mai, o \u00eentrevedere cu Ambasadorul Republicii Italiene \u00een Republica Moldova Valeria Biagiotti. \u00cen cadrul \u00eentrevederii oficialii au abordat ultimele evolu\u021bii \u00een cadrul procesului de negocieri dintre Chi\u0219in\u0103u \u0219i Tiraspol. Oficialul european a apreciat drept pozitive ultimele tendin\u021be din cadrul negocierilor \u0219i a exprimat speran\u021ba c\u0103 \u00een timpul apropiat&#8230;<\/p>\n","protected":false},"author":2,"featured_media":0,"comment_status":"closed","ping_status":"open","sticky":false,"template":"","format":"standard","meta":[],"categories":[1],"tags":[],"_links":{"self":[{"href":"https:\/\/centers.ulbsibiu.ro\/ccsprise\/lact\/wp-json\/wp\/v2\/posts\/4768"}],"collection":[{"href":"https:\/\/centers.ulbsibiu.ro\/ccsprise\/lact\/wp-json\/wp\/v2\/posts"}],"about":[{"href":"https:\/\/centers.ulbsibiu.ro\/ccsprise\/lact\/wp-json\/wp\/v2\/types\/post"}],"author":[{"embeddable":true,"href":"https:\/\/centers.ulbsibiu.ro\/ccsprise\/lact\/wp-json\/wp\/v2\/users\/2"}],"replies":[{"embeddable":true,"href":"https:\/\/centers.ulbsibiu.ro\/ccsprise\/lact\/wp-json\/wp\/v2\/comments?post=4768"}],"version-history":[{"count":1,"href":"https:\/\/centers.ulbsibiu.ro\/ccsprise\/lact\/wp-json\/wp\/v2\/posts\/4768\/revisions"}],"predecessor-version":[{"id":4769,"href":"https:\/\/centers.ulbsibiu.ro\/ccsprise\/lact\/wp-json\/wp\/v2\/posts\/4768\/revisions\/4769"}],"wp:attachment":[{"href":"https:\/\/centers.ulbsibiu.ro\/ccsprise\/lact\/wp-json\/wp\/v2\/media?parent=4768"}],"wp:term":[{"taxonomy":"category","embeddable":true,"href":"https:\/\/centers.ulbsibiu.ro\/ccsprise\/lact\/wp-json\/wp\/v2\/categories?post=4768"},{"taxonomy":"post_tag","embeddable":true,"href":"https:\/\/centers.ulbsibiu.ro\/ccsprise\/lact\/wp-json\/wp\/v2\/tags?post=4768"}],"curies":[{"name":"wp","href":"https:\/\/api.w.org\/{rel}","templated":true}]}}