{"id":4762,"date":"2018-05-14T19:03:32","date_gmt":"2018-05-14T17:03:32","guid":{"rendered":"https:\/\/centers.ulbsibiu.ro\/ccsprise\/lact\/?p=4762"},"modified":"2018-05-14T19:03:32","modified_gmt":"2018-05-14T17:03:32","slug":"gov-md-intrevederea-viceprim-ministrului-cristina-lesnic-cu-reprezentantul-special-al-federatiei-ruse-in-reglementarea-transnistreana-serghei-gubarev","status":"publish","type":"post","link":"https:\/\/centers.ulbsibiu.ro\/ccsprise\/lact\/gov-md-intrevederea-viceprim-ministrului-cristina-lesnic-cu-reprezentantul-special-al-federatiei-ruse-in-reglementarea-transnistreana-serghei-gubarev\/","title":{"rendered":"Gov.md &#8211; \u00centrevederea Viceprim-ministrului Cristina Lesnic cu Reprezentantul Special al Federa\u021biei Ruse \u00een reglementarea transnistrean\u0103 Serghei Gubarev"},"content":{"rendered":"<p>Viceprim-ministrul Cristina Lesnic a avut, ast\u0103zi, 14 mai, o \u00eentrevedere cu Reprezentantul Special al Federa\u021biei Ruse \u00een reglementarea transnistrean\u0103 Serghei Gubarev, care se afl\u0103 \u00eentr-o vizit\u0103 de lucru \u00een Republica Moldova.<\/p>\n<p>Oficialii au f\u0103cut un schimb de opinii asupra situa\u0163iei actuale \u00een procesul de reglementare a conflictului transnistrean, unor aspecte ale dialogului \u00eentre Chi\u015fin\u0103u \u015fi Tiraspol, precum \u0219i pe marginea desf\u0103\u0219ur\u0103rii urm\u0103toarei runde de negocieri \u00een formatul &#8220;5+2&#8221;.<\/p>\n<p>Reprezentantul Special al Federa\u021biei Ruse a apreciat dinamica pozitiv\u0103 a \u00eendeplinirii \u00een\u021belegerilor convenite \u00een negocieri \u00een perioada recent\u0103 \u0219i totodat\u0103, a comunicat c\u0103 urm\u0103toarea rund\u0103 de negocieri \u00een formatul &#8220;5+2&#8221;, care va avea loc la Roma, Italia, la finele lunii curente va contribui la consolidarea \u00eencrederii \u00eentre p\u0103r\u021bi \u0219i la avansarea dialogului.<\/p>\n<p>\u00cen cadrul \u00eentrevederii, Viceprim-ministrul a abordat mai multe subiecte de pe agenda de negocieri cum ar fi asigurarea liberei circula\u021bii \u00eentre cele dou\u0103 maluri, realizarea angajamentelor agreate pe podul dintre localit\u0103\u021bile Gura B\u00e2cului \u0219i B\u00e2cioc, problema terenurilor din raionul Dub\u0103sari, buna func\u021bionare a \u0219colilor cu predare \u00een grafia latin\u0103 din regiune \u0219.a.<\/p>\n<p>Cei doi oficiali \u0219i-au manifestat deschiderea \u00een continuarea dialogului \u0219i au reiterat necesitatea continu\u0103rii \u00eentreprinderii ac\u021biunilor pozitive \u00een interesul popula\u021biei de pe ambele maluri ale Nistrului.<\/p>\n<p>Sursa:\u00a0<a href=\"https:\/\/gov.md\/ro\/content\/intrevederea-viceprim-ministrului-cristina-lesnic-cu-reprezentantul-special-al-federatiei-0\">https:\/\/gov.md\/<\/a><\/p>\n","protected":false},"excerpt":{"rendered":"<p>Viceprim-ministrul Cristina Lesnic a avut, ast\u0103zi, 14 mai, o \u00eentrevedere cu Reprezentantul Special al Federa\u021biei Ruse \u00een reglementarea transnistrean\u0103 Serghei Gubarev, care se afl\u0103 \u00eentr-o vizit\u0103 de lucru \u00een Republica Moldova. Oficialii au f\u0103cut un schimb de opinii asupra situa\u0163iei actuale \u00een procesul de reglementare a conflictului transnistrean, unor aspecte ale dialogului \u00eentre Chi\u015fin\u0103u \u015fi&#8230;<\/p>\n","protected":false},"author":2,"featured_media":0,"comment_status":"closed","ping_status":"open","sticky":false,"template":"","format":"standard","meta":[],"categories":[1],"tags":[],"_links":{"self":[{"href":"https:\/\/centers.ulbsibiu.ro\/ccsprise\/lact\/wp-json\/wp\/v2\/posts\/4762"}],"collection":[{"href":"https:\/\/centers.ulbsibiu.ro\/ccsprise\/lact\/wp-json\/wp\/v2\/posts"}],"about":[{"href":"https:\/\/centers.ulbsibiu.ro\/ccsprise\/lact\/wp-json\/wp\/v2\/types\/post"}],"author":[{"embeddable":true,"href":"https:\/\/centers.ulbsibiu.ro\/ccsprise\/lact\/wp-json\/wp\/v2\/users\/2"}],"replies":[{"embeddable":true,"href":"https:\/\/centers.ulbsibiu.ro\/ccsprise\/lact\/wp-json\/wp\/v2\/comments?post=4762"}],"version-history":[{"count":1,"href":"https:\/\/centers.ulbsibiu.ro\/ccsprise\/lact\/wp-json\/wp\/v2\/posts\/4762\/revisions"}],"predecessor-version":[{"id":4763,"href":"https:\/\/centers.ulbsibiu.ro\/ccsprise\/lact\/wp-json\/wp\/v2\/posts\/4762\/revisions\/4763"}],"wp:attachment":[{"href":"https:\/\/centers.ulbsibiu.ro\/ccsprise\/lact\/wp-json\/wp\/v2\/media?parent=4762"}],"wp:term":[{"taxonomy":"category","embeddable":true,"href":"https:\/\/centers.ulbsibiu.ro\/ccsprise\/lact\/wp-json\/wp\/v2\/categories?post=4762"},{"taxonomy":"post_tag","embeddable":true,"href":"https:\/\/centers.ulbsibiu.ro\/ccsprise\/lact\/wp-json\/wp\/v2\/tags?post=4762"}],"curies":[{"name":"wp","href":"https:\/\/api.w.org\/{rel}","templated":true}]}}