{"id":4759,"date":"2018-05-11T19:31:59","date_gmt":"2018-05-11T17:31:59","guid":{"rendered":"https:\/\/centers.ulbsibiu.ro\/ccsprise\/lact\/?p=4759"},"modified":"2018-05-11T19:31:59","modified_gmt":"2018-05-11T17:31:59","slug":"noi-md-agentii-economici-din-regiunea-transnistreana-vor-beneficia-de-noi-facilitati","status":"publish","type":"post","link":"https:\/\/centers.ulbsibiu.ro\/ccsprise\/lact\/noi-md-agentii-economici-din-regiunea-transnistreana-vor-beneficia-de-noi-facilitati\/","title":{"rendered":"Noi.md &#8211; Agen\u021bii economici din regiunea transnistrean\u0103 vor beneficia de noi facilit\u0103\u021bi"},"content":{"rendered":"<h3>Agen\u021bii economici din regiunea transnistrean\u0103 vor beneficia de noi facilit\u0103\u021bi la exportul de m\u0103rfuri prin punctul comun de control \u201eCuciurgan-Pervomaisc\u201d, transmite MOLDPRES.<\/h3>\n<p>Potrivit Serviciului Vamal, pentru prima dat\u0103, certificatul de origine preferen\u021bial\u0103 va putea fi eliberat odat\u0103 cu depunerea declara\u021biei vamale de export.<\/p>\n<div class=\"related-news-area\">\n<div class=\"related-news-area-item\">\n<h4>Datorit\u0103 modific\u0103rilor operate de c\u0103tre Serviciul Vamal, agen\u021bii economici vor economisi timp \u0219i resurse, fiind exclus\u0103 necesitatea deplas\u0103rii \u00een cadrul unui post vamal intern pentru ob\u021binerea certificatelor de origine.<\/h4>\n<\/div>\n<\/div>\n<p>Controlul comun la punctul de trecere a frontierei \u201eCuciurgan-Pervomaisc\u201d a demarat la 17 iulie 2017. Potrivit acordurilor, etapa ini\u021bial\u0103 a presupus efectuarea controlului \u0219i v\u0103muirii m\u0103rfurilor doar asupra opera\u021biunilor de export \u0219i reexport. Ulterior, la data de 18 aprilie, controlul comun a fost aplicat \u0219i asupra opera\u021biunilor de import, reimport \u0219i tranzit.<\/p>\n<p>P\u00e2n\u0103 \u00een prezent, prin acest punct de trecere, au fost operate circa o sut\u0103 de exporturi \u0219i peste 450 \u00a0de importuri.<\/p>\n<p>Sursa:\u00a0<a href=\"https:\/\/noi.md\/md\/transnistria\/agentii-economici-din-regiunea-transnistreana-vor-beneficia-de-noi-facilitati\">https:\/\/noi.md\/<\/a><\/p>\n","protected":false},"excerpt":{"rendered":"<p>Agen\u021bii economici din regiunea transnistrean\u0103 vor beneficia de noi facilit\u0103\u021bi la exportul de m\u0103rfuri prin punctul comun de control \u201eCuciurgan-Pervomaisc\u201d, transmite MOLDPRES. Potrivit Serviciului Vamal, pentru prima dat\u0103, certificatul de origine preferen\u021bial\u0103 va putea fi eliberat odat\u0103 cu depunerea declara\u021biei vamale de export. Datorit\u0103 modific\u0103rilor operate de c\u0103tre Serviciul Vamal, agen\u021bii economici vor economisi timp&#8230;<\/p>\n","protected":false},"author":2,"featured_media":0,"comment_status":"closed","ping_status":"open","sticky":false,"template":"","format":"standard","meta":[],"categories":[1],"tags":[],"_links":{"self":[{"href":"https:\/\/centers.ulbsibiu.ro\/ccsprise\/lact\/wp-json\/wp\/v2\/posts\/4759"}],"collection":[{"href":"https:\/\/centers.ulbsibiu.ro\/ccsprise\/lact\/wp-json\/wp\/v2\/posts"}],"about":[{"href":"https:\/\/centers.ulbsibiu.ro\/ccsprise\/lact\/wp-json\/wp\/v2\/types\/post"}],"author":[{"embeddable":true,"href":"https:\/\/centers.ulbsibiu.ro\/ccsprise\/lact\/wp-json\/wp\/v2\/users\/2"}],"replies":[{"embeddable":true,"href":"https:\/\/centers.ulbsibiu.ro\/ccsprise\/lact\/wp-json\/wp\/v2\/comments?post=4759"}],"version-history":[{"count":1,"href":"https:\/\/centers.ulbsibiu.ro\/ccsprise\/lact\/wp-json\/wp\/v2\/posts\/4759\/revisions"}],"predecessor-version":[{"id":4760,"href":"https:\/\/centers.ulbsibiu.ro\/ccsprise\/lact\/wp-json\/wp\/v2\/posts\/4759\/revisions\/4760"}],"wp:attachment":[{"href":"https:\/\/centers.ulbsibiu.ro\/ccsprise\/lact\/wp-json\/wp\/v2\/media?parent=4759"}],"wp:term":[{"taxonomy":"category","embeddable":true,"href":"https:\/\/centers.ulbsibiu.ro\/ccsprise\/lact\/wp-json\/wp\/v2\/categories?post=4759"},{"taxonomy":"post_tag","embeddable":true,"href":"https:\/\/centers.ulbsibiu.ro\/ccsprise\/lact\/wp-json\/wp\/v2\/tags?post=4759"}],"curies":[{"name":"wp","href":"https:\/\/api.w.org\/{rel}","templated":true}]}}