{"id":4757,"date":"2018-05-11T19:28:51","date_gmt":"2018-05-11T17:28:51","guid":{"rendered":"https:\/\/centers.ulbsibiu.ro\/ccsprise\/lact\/?p=4757"},"modified":"2018-05-11T19:28:51","modified_gmt":"2018-05-11T17:28:51","slug":"gov-md-delegatia-republicii-moldova-in-comisia-unificata-de-control-si-a-mai-desemnat-un-expert-in-cadrul-cuc","status":"publish","type":"post","link":"https:\/\/centers.ulbsibiu.ro\/ccsprise\/lact\/gov-md-delegatia-republicii-moldova-in-comisia-unificata-de-control-si-a-mai-desemnat-un-expert-in-cadrul-cuc\/","title":{"rendered":"Gov.md &#8211; Delega\u021bia Republicii Moldova \u00een Comisia Unificat\u0103 de Control \u0219i-a mai desemnat un expert \u00een cadrul CUC"},"content":{"rendered":"<p>Comisia Unificat\u0103 de Control s-a \u00eentrunit pe 10 mai a.c. \u00een or. Bender, sub pre\u0219edin\u021bia delega\u0163iei Federa\u021biei Ruse.<\/p>\n<p>Pe agenda \u0219edin\u021bei au fost \u00eenscrise dou\u0103 subiecte, primul fiind examinarea unor probleme de ordin organizatoric. Astfel, delega\u021bia Republicii Moldova l-a prezentat Comisiei pe Grigore Ioni\u021bov, un nou expert cu statut permanent, desemnat din partea Serviciului Vamal al Ministerului Finan\u021belor al Republicii Moldova. Acesta l-a substituit pe colegul s\u0103u Ion Movil\u0103.<\/p>\n<p>De asemenea, la propunerea componentei ruse, CUC l-a eliberat din func\u021bie pe observatorul milirat rus c\u0103pitanul de rangul 3 Alin Gvozdev, \u00een leg\u0103tur\u0103 cu desemnarea d\u00e2nsului \u00een alt\u0103 func\u021bie \u00een cadrul Statului Major al For\u021belor Mixte de Pacificare.<\/p>\n<p>Ulterior, Comisia a audiat raportul s\u0103pt\u0103m\u00e2nal privind situa\u021bia din Zona de Securitate, prezentat de Comandamentul Militar \u00centrunit.<\/p>\n<p>C\u00e2t prive\u0219te subiectul legat de redeschiderea, pe 18 noiembrie 2017, a podului din preajma satelor Gura B\u00e2cului \u0219i B\u00e2cioc, delega\u021biile \u0219i-au reafirmat viziunile sale.<\/p>\n<p>Totodat\u0103, co-pre\u0219edintele Comisiei din partea Tiraspolului, Oleg Beleakov, a f\u0103cut o descriere general\u0103 a situa\u021biei la podul din preajma satelor Gura B\u00e2cului \u0219i B\u00e2cioc, men\u021bion\u00e2nd c\u0103 actuala stare de fapt este convenabil\u0103 p\u0103r\u021bii transnistrene, de aceea d\u00e2n\u0219ii nu sunt dispu\u0219i s\u0103 modifice \u0219i cu at\u00e2t mai mult s\u0103 elimine infrastructura creat\u0103 de a\u0219a-numitele structuri de for\u021b\u0103 ale Tiraspolului \u00een s. B\u00e2cioc. Treze\u0219te nedumerire afirma\u021bia lui Oleg Beleakov precum c\u0103 asigurarea liberei circula\u021bii \u00een Zona de Securitate nu \u021bine de competen\u021ba Comisiei Unificate de Control.<\/p>\n<p>Prin urmare, s-a decis de a continua consult\u0103rile suplimentare pentru identificarea unei solu\u021bii unanim agreate \u00een baza propunerilor deja formulate \u00een procesul de dialog.<\/p>\n<p>Sursa:\u00a0<a href=\"https:\/\/gov.md\/ro\/content\/delegatia-republicii-moldova-comisia-unificata-de-control-si-mai-desemnat-un-expert-cadrul\">https:\/\/gov.md\/<\/a><\/p>\n","protected":false},"excerpt":{"rendered":"<p>Comisia Unificat\u0103 de Control s-a \u00eentrunit pe 10 mai a.c. \u00een or. Bender, sub pre\u0219edin\u021bia delega\u0163iei Federa\u021biei Ruse. Pe agenda \u0219edin\u021bei au fost \u00eenscrise dou\u0103 subiecte, primul fiind examinarea unor probleme de ordin organizatoric. Astfel, delega\u021bia Republicii Moldova l-a prezentat Comisiei pe Grigore Ioni\u021bov, un nou expert cu statut permanent, desemnat din partea Serviciului Vamal&#8230;<\/p>\n","protected":false},"author":2,"featured_media":0,"comment_status":"closed","ping_status":"open","sticky":false,"template":"","format":"standard","meta":[],"categories":[1],"tags":[],"_links":{"self":[{"href":"https:\/\/centers.ulbsibiu.ro\/ccsprise\/lact\/wp-json\/wp\/v2\/posts\/4757"}],"collection":[{"href":"https:\/\/centers.ulbsibiu.ro\/ccsprise\/lact\/wp-json\/wp\/v2\/posts"}],"about":[{"href":"https:\/\/centers.ulbsibiu.ro\/ccsprise\/lact\/wp-json\/wp\/v2\/types\/post"}],"author":[{"embeddable":true,"href":"https:\/\/centers.ulbsibiu.ro\/ccsprise\/lact\/wp-json\/wp\/v2\/users\/2"}],"replies":[{"embeddable":true,"href":"https:\/\/centers.ulbsibiu.ro\/ccsprise\/lact\/wp-json\/wp\/v2\/comments?post=4757"}],"version-history":[{"count":1,"href":"https:\/\/centers.ulbsibiu.ro\/ccsprise\/lact\/wp-json\/wp\/v2\/posts\/4757\/revisions"}],"predecessor-version":[{"id":4758,"href":"https:\/\/centers.ulbsibiu.ro\/ccsprise\/lact\/wp-json\/wp\/v2\/posts\/4757\/revisions\/4758"}],"wp:attachment":[{"href":"https:\/\/centers.ulbsibiu.ro\/ccsprise\/lact\/wp-json\/wp\/v2\/media?parent=4757"}],"wp:term":[{"taxonomy":"category","embeddable":true,"href":"https:\/\/centers.ulbsibiu.ro\/ccsprise\/lact\/wp-json\/wp\/v2\/categories?post=4757"},{"taxonomy":"post_tag","embeddable":true,"href":"https:\/\/centers.ulbsibiu.ro\/ccsprise\/lact\/wp-json\/wp\/v2\/tags?post=4757"}],"curies":[{"name":"wp","href":"https:\/\/api.w.org\/{rel}","templated":true}]}}