{"id":4755,"date":"2018-05-10T19:46:22","date_gmt":"2018-05-10T17:46:22","guid":{"rendered":"https:\/\/centers.ulbsibiu.ro\/ccsprise\/lact\/?p=4755"},"modified":"2018-05-10T19:46:22","modified_gmt":"2018-05-10T17:46:22","slug":"gov-md-la-sediul-misiunii-osce-din-or-chisinau-s-a-desfasurat-reuniunea-grupurilor-de-lucru-pentru-probleme-vamale-economie-agricultura-si-ocrotirea-mediului","status":"publish","type":"post","link":"https:\/\/centers.ulbsibiu.ro\/ccsprise\/lact\/gov-md-la-sediul-misiunii-osce-din-or-chisinau-s-a-desfasurat-reuniunea-grupurilor-de-lucru-pentru-probleme-vamale-economie-agricultura-si-ocrotirea-mediului\/","title":{"rendered":"Gov.md &#8211; La sediul Misiunii OSCE din or. Chi\u015fin\u0103u s-a desf\u0103\u015furat reuniunea grupurilor de lucru pentru probleme vamale, economie, agricultur\u0103 \u0219i ocrotirea mediului"},"content":{"rendered":"<p>Ast\u0103zi, 10 mai curent, la sediul\u00a0Misiunii OSCE\u00a0din or. Chi\u015fin\u0103u, Republica Moldova, a avut loc o \u0219edin\u021b\u0103 a grupurilor de lucru pentru probleme vamale, economie, agricultur\u0103 \u0219i ocrotirea mediului, cu participarea reprezentan\u021bilor politici \u00een procesul de negocieri pentru reglementarea transnistrean\u0103 din partea Chi\u0219in\u0103ului \u0219i Tiraspolului, Cristina Lesnic \u0219i Vitalii Ignatiev.<\/p>\n<p>\u00cen cadrul \u0219edin\u021bei au fost abordate aspectele de baz\u0103 ale interac\u021biunii \u00een domeniile de referin\u021b\u0103, iar p\u0103r\u021bile au c\u0103zut de acord c\u0103 exist\u0103 necesitatea continu\u0103rii dialogului at\u00e2t la nivel de exper\u021bi c\u00e2t \u0219i la nivel de reprezentan\u021bi politici \u00eentru identificarea unor solu\u021bii viabile \u00een acest sens.<\/p>\n<p>Urm\u0103toarea \u0219edin\u021b\u0103 \u00een domeniile vizate va avea loc la Tiraspol.<\/p>\n<p>Sursa:\u00a0<a href=\"https:\/\/gov.md\/ro\/content\/la-sediul-misiunii-osce-din-or-chisinau-s-desfasurat-reuniunea-grupurilor-de-lucru-pentru\">https:\/\/gov.md\/<\/a><\/p>\n","protected":false},"excerpt":{"rendered":"<p>Ast\u0103zi, 10 mai curent, la sediul\u00a0Misiunii OSCE\u00a0din or. Chi\u015fin\u0103u, Republica Moldova, a avut loc o \u0219edin\u021b\u0103 a grupurilor de lucru pentru probleme vamale, economie, agricultur\u0103 \u0219i ocrotirea mediului, cu participarea reprezentan\u021bilor politici \u00een procesul de negocieri pentru reglementarea transnistrean\u0103 din partea Chi\u0219in\u0103ului \u0219i Tiraspolului, Cristina Lesnic \u0219i Vitalii Ignatiev. \u00cen cadrul \u0219edin\u021bei au fost abordate&#8230;<\/p>\n","protected":false},"author":2,"featured_media":0,"comment_status":"closed","ping_status":"open","sticky":false,"template":"","format":"standard","meta":[],"categories":[1],"tags":[],"_links":{"self":[{"href":"https:\/\/centers.ulbsibiu.ro\/ccsprise\/lact\/wp-json\/wp\/v2\/posts\/4755"}],"collection":[{"href":"https:\/\/centers.ulbsibiu.ro\/ccsprise\/lact\/wp-json\/wp\/v2\/posts"}],"about":[{"href":"https:\/\/centers.ulbsibiu.ro\/ccsprise\/lact\/wp-json\/wp\/v2\/types\/post"}],"author":[{"embeddable":true,"href":"https:\/\/centers.ulbsibiu.ro\/ccsprise\/lact\/wp-json\/wp\/v2\/users\/2"}],"replies":[{"embeddable":true,"href":"https:\/\/centers.ulbsibiu.ro\/ccsprise\/lact\/wp-json\/wp\/v2\/comments?post=4755"}],"version-history":[{"count":1,"href":"https:\/\/centers.ulbsibiu.ro\/ccsprise\/lact\/wp-json\/wp\/v2\/posts\/4755\/revisions"}],"predecessor-version":[{"id":4756,"href":"https:\/\/centers.ulbsibiu.ro\/ccsprise\/lact\/wp-json\/wp\/v2\/posts\/4755\/revisions\/4756"}],"wp:attachment":[{"href":"https:\/\/centers.ulbsibiu.ro\/ccsprise\/lact\/wp-json\/wp\/v2\/media?parent=4755"}],"wp:term":[{"taxonomy":"category","embeddable":true,"href":"https:\/\/centers.ulbsibiu.ro\/ccsprise\/lact\/wp-json\/wp\/v2\/categories?post=4755"},{"taxonomy":"post_tag","embeddable":true,"href":"https:\/\/centers.ulbsibiu.ro\/ccsprise\/lact\/wp-json\/wp\/v2\/tags?post=4755"}],"curies":[{"name":"wp","href":"https:\/\/api.w.org\/{rel}","templated":true}]}}