{"id":4752,"date":"2018-05-10T19:43:43","date_gmt":"2018-05-10T17:43:43","guid":{"rendered":"https:\/\/centers.ulbsibiu.ro\/ccsprise\/lact\/?p=4752"},"modified":"2018-05-10T19:44:27","modified_gmt":"2018-05-10T17:44:27","slug":"unimedia-info-doredos-a-invitat-un-deputat-din-sovietul-suprem-de-la-tiraspol-sa-asiste-la-eurovision","status":"publish","type":"post","link":"https:\/\/centers.ulbsibiu.ro\/ccsprise\/lact\/unimedia-info-doredos-a-invitat-un-deputat-din-sovietul-suprem-de-la-tiraspol-sa-asiste-la-eurovision\/","title":{"rendered":"Unimedia.info &#8211; DoReDos a invitat un deputat din sovietul suprem de la Tiraspol s\u0103 asiste la Eurovision"},"content":{"rendered":"<p><span lang=\"X-NONE\">Membrii trupei DoReDos care \u00een acest an reprezint\u0103 Repu<\/span><span lang=\"EN-US\">blica Moldova la Eurovision, <\/span><span lang=\"X-NONE\">originari din R\u00e2bni\u021ba, regiunea transnistrean\u0103,<\/span><span lang=\"EN-US\"> l-au invitat pe deputatul din sovietul suprem de la Tiraspol,<\/span><span lang=\"X-NONE\"> Oleg Horojan s\u0103 \u00eei sus\u021bin\u0103 la Lisabona<\/span><span lang=\"EN-US\">, scrie <a href=\"https:\/\/elenarobu.md\/doredos-a-invitat-un-deputat-din-sovietul-suprem-de-la-tiraspol-sa-asiste-la-eurovision-in-portugalia\/\" target=\"_blank\" rel=\"noopener\">Elena Robu<\/a>\u00a0pe blogul s\u0103u.<\/span><\/p>\n<p>Nu este clar din banii cui s-a deplasat deputatul nerecunoscutei regiuni la Lisabona \u0219i cine \u00eei va pl\u0103ti \u0219ederea acolo, cert este c\u0103 acesta a fost chemat de membrii grupei pentru a face parte din delega\u021bie, cel pu\u021bin a\u0219a arat\u0103 o postare pe re\u021belele de socializare.<\/p>\n<p>Surprinz\u0103toare sunt \u0219i comentariile pe grupul PMR (\u041f\u041c\u0420) de pe facebook unde a ap\u0103rut aceast\u0103 informa\u021bie. Oamenii se arat\u0103 surprin\u0219i \u0219i nedumeri\u021bi cum trupa DoReDos reprezint\u0103 R. Moldova,\u00a0<b><strong>\u00a0<\/strong><\/b>\u201eav\u00e2nd \u00een vedere probabil faptul c\u0103 ei sunt din R\u00e2bni\u021ba, ora\u0219 pe care nu \u00eel percep ca parte a R. Moldova\u201d, mai scrie jurnalista \u00een blogul s\u0103u.<\/p>\n<p>\u201eSpuneau c\u0103 aceast\u0103 trup\u0103 reprezint\u0103 Republica Moldova\u201d, a comentat nedumerit\u0103 o internaut\u0103.<\/p>\n<p>De men\u021bionat c\u0103\u00a0anterior, membrii trupei au pozat cu drapelul nerecunoscutei\u00a0regiuni transnistrene.<\/p>\n<p>Sursa:\u00a0<a href=\"http:\/\/unimedia.info\/stiri\/doredos-a-invitat-un-deputat-din-sovietul-suprem-de-la-tiraspol-sa-asiste-la-eurovision-153542.html\">http:\/\/unimedia.info\/<\/a><\/p>\n","protected":false},"excerpt":{"rendered":"<p>Membrii trupei DoReDos care \u00een acest an reprezint\u0103 Republica Moldova la Eurovision, originari din R\u00e2bni\u021ba, regiunea transnistrean\u0103, l-au invitat pe deputatul din sovietul suprem de la Tiraspol, Oleg Horojan s\u0103 \u00eei sus\u021bin\u0103 la Lisabona, scrie Elena Robu\u00a0pe blogul s\u0103u. Nu este clar din banii cui s-a deplasat deputatul nerecunoscutei regiuni la Lisabona \u0219i cine \u00eei&#8230;<\/p>\n","protected":false},"author":2,"featured_media":0,"comment_status":"closed","ping_status":"open","sticky":false,"template":"","format":"standard","meta":[],"categories":[1],"tags":[],"_links":{"self":[{"href":"https:\/\/centers.ulbsibiu.ro\/ccsprise\/lact\/wp-json\/wp\/v2\/posts\/4752"}],"collection":[{"href":"https:\/\/centers.ulbsibiu.ro\/ccsprise\/lact\/wp-json\/wp\/v2\/posts"}],"about":[{"href":"https:\/\/centers.ulbsibiu.ro\/ccsprise\/lact\/wp-json\/wp\/v2\/types\/post"}],"author":[{"embeddable":true,"href":"https:\/\/centers.ulbsibiu.ro\/ccsprise\/lact\/wp-json\/wp\/v2\/users\/2"}],"replies":[{"embeddable":true,"href":"https:\/\/centers.ulbsibiu.ro\/ccsprise\/lact\/wp-json\/wp\/v2\/comments?post=4752"}],"version-history":[{"count":2,"href":"https:\/\/centers.ulbsibiu.ro\/ccsprise\/lact\/wp-json\/wp\/v2\/posts\/4752\/revisions"}],"predecessor-version":[{"id":4754,"href":"https:\/\/centers.ulbsibiu.ro\/ccsprise\/lact\/wp-json\/wp\/v2\/posts\/4752\/revisions\/4754"}],"wp:attachment":[{"href":"https:\/\/centers.ulbsibiu.ro\/ccsprise\/lact\/wp-json\/wp\/v2\/media?parent=4752"}],"wp:term":[{"taxonomy":"category","embeddable":true,"href":"https:\/\/centers.ulbsibiu.ro\/ccsprise\/lact\/wp-json\/wp\/v2\/categories?post=4752"},{"taxonomy":"post_tag","embeddable":true,"href":"https:\/\/centers.ulbsibiu.ro\/ccsprise\/lact\/wp-json\/wp\/v2\/tags?post=4752"}],"curies":[{"name":"wp","href":"https:\/\/api.w.org\/{rel}","templated":true}]}}