{"id":4750,"date":"2018-05-09T20:45:32","date_gmt":"2018-05-09T18:45:32","guid":{"rendered":"https:\/\/centers.ulbsibiu.ro\/ccsprise\/lact\/?p=4750"},"modified":"2018-05-09T20:45:32","modified_gmt":"2018-05-09T18:45:32","slug":"deschide-md-moscova-sfideaza-chisinaul-trupele-ruse-de-ocupatie-au-defilat-la-tiraspol","status":"publish","type":"post","link":"https:\/\/centers.ulbsibiu.ro\/ccsprise\/lact\/deschide-md-moscova-sfideaza-chisinaul-trupele-ruse-de-ocupatie-au-defilat-la-tiraspol\/","title":{"rendered":"Deschide.md &#8211; Moscova sfideaz\u0103 Chi\u0219in\u0103ul. Trupele ruse de ocupa\u021bie au defilat la Tiraspol"},"content":{"rendered":"<p>Trupele ruse de ocupa\u021bie din Transnistria au defilat al\u0103turi de trupele paramilitare transnistrene la parada de 9 mai din Tiraspol, ignor\u00e2nd cererea Chi\u0219in\u0103ului de a se ab\u021bine de la astfel de evenimente..<\/p>\n<p>Potrivit presei transnistrene, la parad\u0103 au luat parte peste 600 de militari, iar pentru prima dat\u0103 au defilat \u0219i militarii a\u0219a-numitei \u0219coli Suvorov, care \u00een ultima perioad\u0103 sunt antrena\u021bi de c\u0103tre trupele ruse de ocupa\u021bie.\u00a0 Manifest\u021biile dedicate zilei de 9 au avut loc \u00een Pia\u021ba Suvorov din Tiraspol.<\/p>\n<p>La manifesta\u021bie a participat liderul separatist de la Tiraspol, Vadim Krasnoselski, a\u0219a-numitul prim-ministru al regiunii Alexandr Mart\u00eenov, al\u0103turi de \u0219eful pretinsului Soviet Suprem, Alexandr \u0218erba. Printre oaspe\u021bii speciali a fost ex-liderul regiunii separatiste Igor Smirnov.<\/p>\n<p>Marele absent a fost al doilea pre\u0219edinte al Transnistriei, Evghei \u0218evciuk. Manifesta\u021biile s-au \u00eencheiat cu un mar\u0219 al \u201eRegimentului nemuritor\u201d, la care au participat circa 9 mii de oameni dac\u0103 e s\u0103 credem ce spun autorit\u0103\u021bile transnistrene.<\/p>\n<p>Anterior, autorit\u0103\u021bile de la Chi\u0219in\u0103u au cerut Moscovei s\u0103 nu-\u0219i implice trupele ruse \u00een manifesta\u021biile militare dedicate zilei e 9 mai de la Tiraspol.<\/p>\n<p>De asemenea, \u021binem s\u0103 men\u021bion\u0103m c\u0103 \u00een acest an la parada separatist\u0103 nu a participat niciun oficial rus, a\u0219a cum era \u00een fiecare an. Totu\u0219i deputatul Dumei de Stat, care a participat la acest eveniment \u00een 2016, i-a felicitat pe transnistreni cu \u201eziua victorie\u201d printr-un mesaj.<\/p>\n<p>Sursa:\u00a0<a href=\"https:\/\/deschide.md\/ro\/stiri\/social\/30601\/FOTO--Moscova-sfideaz\u0103-Chi\u0219in\u0103ul-Trupele-ruse-de-ocupa\u021bie-au-defilat-la-Tiraspol.htm\">https:\/\/deschide.md\/<\/a><\/p>\n","protected":false},"excerpt":{"rendered":"<p>Trupele ruse de ocupa\u021bie din Transnistria au defilat al\u0103turi de trupele paramilitare transnistrene la parada de 9 mai din Tiraspol, ignor\u00e2nd cererea Chi\u0219in\u0103ului de a se ab\u021bine de la astfel de evenimente.. Potrivit presei transnistrene, la parad\u0103 au luat parte peste 600 de militari, iar pentru prima dat\u0103 au defilat \u0219i militarii a\u0219a-numitei \u0219coli Suvorov,&#8230;<\/p>\n","protected":false},"author":2,"featured_media":0,"comment_status":"closed","ping_status":"open","sticky":false,"template":"","format":"standard","meta":[],"categories":[1],"tags":[],"_links":{"self":[{"href":"https:\/\/centers.ulbsibiu.ro\/ccsprise\/lact\/wp-json\/wp\/v2\/posts\/4750"}],"collection":[{"href":"https:\/\/centers.ulbsibiu.ro\/ccsprise\/lact\/wp-json\/wp\/v2\/posts"}],"about":[{"href":"https:\/\/centers.ulbsibiu.ro\/ccsprise\/lact\/wp-json\/wp\/v2\/types\/post"}],"author":[{"embeddable":true,"href":"https:\/\/centers.ulbsibiu.ro\/ccsprise\/lact\/wp-json\/wp\/v2\/users\/2"}],"replies":[{"embeddable":true,"href":"https:\/\/centers.ulbsibiu.ro\/ccsprise\/lact\/wp-json\/wp\/v2\/comments?post=4750"}],"version-history":[{"count":1,"href":"https:\/\/centers.ulbsibiu.ro\/ccsprise\/lact\/wp-json\/wp\/v2\/posts\/4750\/revisions"}],"predecessor-version":[{"id":4751,"href":"https:\/\/centers.ulbsibiu.ro\/ccsprise\/lact\/wp-json\/wp\/v2\/posts\/4750\/revisions\/4751"}],"wp:attachment":[{"href":"https:\/\/centers.ulbsibiu.ro\/ccsprise\/lact\/wp-json\/wp\/v2\/media?parent=4750"}],"wp:term":[{"taxonomy":"category","embeddable":true,"href":"https:\/\/centers.ulbsibiu.ro\/ccsprise\/lact\/wp-json\/wp\/v2\/categories?post=4750"},{"taxonomy":"post_tag","embeddable":true,"href":"https:\/\/centers.ulbsibiu.ro\/ccsprise\/lact\/wp-json\/wp\/v2\/tags?post=4750"}],"curies":[{"name":"wp","href":"https:\/\/api.w.org\/{rel}","templated":true}]}}