{"id":4746,"date":"2018-05-07T17:58:05","date_gmt":"2018-05-07T15:58:05","guid":{"rendered":"https:\/\/centers.ulbsibiu.ro\/ccsprise\/lact\/?p=4746"},"modified":"2018-05-07T17:58:05","modified_gmt":"2018-05-07T15:58:05","slug":"infotag-md-chisinau-face-un-nou-apel-catre-moscova-de-a-renunta-la-participarea-la-parada-militara-de-la-tiraspol","status":"publish","type":"post","link":"https:\/\/centers.ulbsibiu.ro\/ccsprise\/lact\/infotag-md-chisinau-face-un-nou-apel-catre-moscova-de-a-renunta-la-participarea-la-parada-militara-de-la-tiraspol\/","title":{"rendered":"Infotag.md &#8211; CHI\u015eIN\u0102U FACE UN NOU APEL C\u0102TRE MOSCOVA DE A RENUN\u0162A LA PARTICIPAREA LA PARADA MILITAR\u0102 DE LA TIRASPOL"},"content":{"rendered":"<p>Ministerul Afacerilor Externe \u015fi Integr\u0103rii Europene al Republicii Moldova \u00ee\u015fi exprim\u0103 \u00eengrijorarea \u00een leg\u0103tur\u0103 cu inten\u0163ia Grupului operativ al trupelor ruse (GOTR) de a participa pe 9 mai la parada militar\u0103 de la Tiraspol \u015fi a \u00eendemnat autorit\u0103\u0163ile Rusiei \u201es\u0103 se ab\u0163in\u0103 de la activit\u0103\u0163i militare care denot\u0103 un comportament sfid\u0103tor la adresa constitu\u0163ionalit\u0103\u0163ii Republicii Moldova\u201d.<\/p>\n<p>Potrivit unui comunicat al MAEIE, citat de agen\u0163ia INFOTAG, ministerul atrage aten\u0163ia asupra riscurilor pe care le comport\u0103 coparticiparea GOTR \u00een ac\u0163iuni cu caracter militar la adresa procesului de reglementare transnistrean\u0103 \u015fi de consolidare a \u00eencrederii \u00eentre cele dou\u0103 maluri ale Nistrului.<\/p>\n<p>\u201eAstfel de ac\u0163iuni submineaz\u0103, \u00een mod flagrant, suveranitatea \u015fi integritatea teritorial\u0103 a Republicii Moldova. MAEIE aminte\u015fte c\u0103 \u00een favoarea respect\u0103rii acestor principii, conducerea Federa\u0163iei Ruse s-a pronun\u0163at deschis \u015fi univoc \u00een repetate r\u00e2nduri\u201d, se spune \u00een document.<\/p>\n<p>Autorii au reiterat pozi\u0163ia autorit\u0103\u0163ilor moldovene\u015fti cu privire la imperativul retragerii for\u0163elor militare ruse \u015fi a muni\u0163iilor de pe teritoriul \u0163\u0103rii.<\/p>\n<p>Dup\u0103 cum a informat anterior INFOTAG, subunit\u0103\u0163ile GOTR nu numai c\u0103 particip\u0103 cu regularitate la paradele militare din autoproclamata RMN, dar \u015fi desf\u0103\u015foar\u0103 exerci\u0163ii militare, activit\u0103\u0163i culturale \u015fi sportive comune cu armata \u015fi structurile de for\u0163\u0103 ale Transnistriei.<\/p>\n<p>Sursa:\u00a0<a href=\"http:\/\/www.infotag.md\/rebelion-ro\/262823\/\">http:\/\/www.infotag.md\/<\/a><\/p>\n","protected":false},"excerpt":{"rendered":"<p>Ministerul Afacerilor Externe \u015fi Integr\u0103rii Europene al Republicii Moldova \u00ee\u015fi exprim\u0103 \u00eengrijorarea \u00een leg\u0103tur\u0103 cu inten\u0163ia Grupului operativ al trupelor ruse (GOTR) de a participa pe 9 mai la parada militar\u0103 de la Tiraspol \u015fi a \u00eendemnat autorit\u0103\u0163ile Rusiei \u201es\u0103 se ab\u0163in\u0103 de la activit\u0103\u0163i militare care denot\u0103 un comportament sfid\u0103tor la adresa constitu\u0163ionalit\u0103\u0163ii Republicii&#8230;<\/p>\n","protected":false},"author":2,"featured_media":0,"comment_status":"closed","ping_status":"open","sticky":false,"template":"","format":"standard","meta":[],"categories":[1],"tags":[],"_links":{"self":[{"href":"https:\/\/centers.ulbsibiu.ro\/ccsprise\/lact\/wp-json\/wp\/v2\/posts\/4746"}],"collection":[{"href":"https:\/\/centers.ulbsibiu.ro\/ccsprise\/lact\/wp-json\/wp\/v2\/posts"}],"about":[{"href":"https:\/\/centers.ulbsibiu.ro\/ccsprise\/lact\/wp-json\/wp\/v2\/types\/post"}],"author":[{"embeddable":true,"href":"https:\/\/centers.ulbsibiu.ro\/ccsprise\/lact\/wp-json\/wp\/v2\/users\/2"}],"replies":[{"embeddable":true,"href":"https:\/\/centers.ulbsibiu.ro\/ccsprise\/lact\/wp-json\/wp\/v2\/comments?post=4746"}],"version-history":[{"count":1,"href":"https:\/\/centers.ulbsibiu.ro\/ccsprise\/lact\/wp-json\/wp\/v2\/posts\/4746\/revisions"}],"predecessor-version":[{"id":4747,"href":"https:\/\/centers.ulbsibiu.ro\/ccsprise\/lact\/wp-json\/wp\/v2\/posts\/4746\/revisions\/4747"}],"wp:attachment":[{"href":"https:\/\/centers.ulbsibiu.ro\/ccsprise\/lact\/wp-json\/wp\/v2\/media?parent=4746"}],"wp:term":[{"taxonomy":"category","embeddable":true,"href":"https:\/\/centers.ulbsibiu.ro\/ccsprise\/lact\/wp-json\/wp\/v2\/categories?post=4746"},{"taxonomy":"post_tag","embeddable":true,"href":"https:\/\/centers.ulbsibiu.ro\/ccsprise\/lact\/wp-json\/wp\/v2\/tags?post=4746"}],"curies":[{"name":"wp","href":"https:\/\/api.w.org\/{rel}","templated":true}]}}